{"id":2620,"date":"2021-06-17T12:31:09","date_gmt":"2021-06-17T10:31:09","guid":{"rendered":"https:\/\/manelfortia.com\/?p=2620"},"modified":"2021-06-17T12:34:34","modified_gmt":"2021-06-17T10:34:34","slug":"liberica-feat-antonio-lizana-la-dama-darago-new-video-2","status":"publish","type":"post","link":"https:\/\/manelfortia.com\/?p=2620&lang=es","title":{"rendered":"LIB\u00c9RICA feat. Antonio Lizana: \u00abLa Dama d&#8217;Arag\u00f3\u00bb (NEW VIDEO)"},"content":{"rendered":"\n<p>Despu\u00e9s de una larga e intensa carrera musical participando en muchos proyectosdiferentes y acabado de regresar de su estancia en Nueva York, Manel Forti\u00e0 prepara suproyecto m\u00e1s original e innovador, Lib\u00e9rica, con una colaboraci\u00f3n de lujo como es la deAntonio Lizana, m\u00fasico con qui\u00e9n ya ha trabajado de forma regular en NYC.<br>Lib\u00e9rica hace una aproximaci\u00f3n al flamenco jazz desde una nueva perspectiva. Por unlado busca puntos en com\u00fan con la canci\u00f3n tradicional catalana y mediterr\u00e1nea, y por elotro destaca la libertad como cualidad m\u00e1s importante de estas m\u00fasicas. El resultado esque los elementos m\u00e1s libres tanto del jazz como del flamenco se unen por primera vezen este proyecto que combina a la perfecci\u00f3n tradici\u00f3n y experimentaci\u00f3n.<br>Manel Forti\u00e0: contrabajo y direcci\u00f3n<br>Pere Martinez: voz<br>Max Villavechia: piano<br>Raphael Pannier: bateria<br>Antonio Lizana: saxos i voz<br>Acaban de lanzar el primer video del proyecto que podemos ver en el siguiente enlace: <\/p>\n\n\n\n<figure class=\"wp-block-embed is-type-video is-provider-youtube wp-block-embed-youtube wp-embed-aspect-16-9 wp-has-aspect-ratio\"><div class=\"wp-block-embed__wrapper\">\n<iframe loading=\"lazy\" title=\"La Dama d&#039;Arag\u00f3 - Manel Forti\u00e0 LIB\u00c9RICA (feat. Antonio Lizana)\" width=\"920\" height=\"518\" src=\"https:\/\/www.youtube.com\/embed\/hqFsdKYQM0o?feature=oembed\" frameborder=\"0\" allow=\"accelerometer; autoplay; clipboard-write; encrypted-media; gyroscope; picture-in-picture\" allowfullscreen><\/iframe>\n<\/div><\/figure>\n","protected":false},"excerpt":{"rendered":"<p>Despu\u00e9s de una larga e intensa carrera musical participando en muchos proyectosdiferentes y acabado de regresar de su estancia en Nueva York, Manel Forti\u00e0 prepara suproyecto m\u00e1s original e innovador,<\/p>\n<p class=\"more-link\"><a href=\"https:\/\/manelfortia.com\/?p=2620&#038;lang=es\" class=\"readmore\">Seguir leyendo<svg class=\"icon icon-arrow-right\" aria-hidden=\"true\" role=\"img\"> <use href=\"#icon-arrow-right\" xlink:href=\"#icon-arrow-right\"><\/use> <\/svg><span class=\"screen-reader-text\">LIB\u00c9RICA feat. Antonio Lizana: \u00abLa Dama d&#8217;Arag\u00f3\u00bb (NEW VIDEO)<\/span><\/a><\/p>\n","protected":false},"author":1,"featured_media":2627,"comment_status":"closed","ping_status":"open","sticky":false,"template":"","format":"aside","meta":{"footnotes":"","_vp_format_video_url":"","_vp_image_focal_point":[]},"categories":[7],"tags":[],"aioseo_notices":[],"_links":{"self":[{"href":"https:\/\/manelfortia.com\/index.php?rest_route=\/wp\/v2\/posts\/2620"}],"collection":[{"href":"https:\/\/manelfortia.com\/index.php?rest_route=\/wp\/v2\/posts"}],"about":[{"href":"https:\/\/manelfortia.com\/index.php?rest_route=\/wp\/v2\/types\/post"}],"author":[{"embeddable":true,"href":"https:\/\/manelfortia.com\/index.php?rest_route=\/wp\/v2\/users\/1"}],"replies":[{"embeddable":true,"href":"https:\/\/manelfortia.com\/index.php?rest_route=%2Fwp%2Fv2%2Fcomments&post=2620"}],"version-history":[{"count":2,"href":"https:\/\/manelfortia.com\/index.php?rest_route=\/wp\/v2\/posts\/2620\/revisions"}],"predecessor-version":[{"id":2625,"href":"https:\/\/manelfortia.com\/index.php?rest_route=\/wp\/v2\/posts\/2620\/revisions\/2625"}],"wp:featuredmedia":[{"embeddable":true,"href":"https:\/\/manelfortia.com\/index.php?rest_route=\/wp\/v2\/media\/2627"}],"wp:attachment":[{"href":"https:\/\/manelfortia.com\/index.php?rest_route=%2Fwp%2Fv2%2Fmedia&parent=2620"}],"wp:term":[{"taxonomy":"category","embeddable":true,"href":"https:\/\/manelfortia.com\/index.php?rest_route=%2Fwp%2Fv2%2Fcategories&post=2620"},{"taxonomy":"post_tag","embeddable":true,"href":"https:\/\/manelfortia.com\/index.php?rest_route=%2Fwp%2Fv2%2Ftags&post=2620"}],"curies":[{"name":"wp","href":"https:\/\/api.w.org\/{rel}","templated":true}]}}