{"id":2621,"date":"2021-06-17T12:31:14","date_gmt":"2021-06-17T10:31:14","guid":{"rendered":"https:\/\/manelfortia.com\/?p=2621"},"modified":"2021-06-17T12:34:02","modified_gmt":"2021-06-17T10:34:02","slug":"liberica-feat-antonio-lizana-la-dama-darago-new-video-3","status":"publish","type":"post","link":"https:\/\/manelfortia.com\/?p=2621&lang=ca","title":{"rendered":"LIB\u00c9RICA feat. Antonio Lizana: \u00abLa Dama d&#8217;Arag\u00f3\u00bb (NEW VIDEO)"},"content":{"rendered":"\n<p>Despr\u00e9s d&#8217;una llarga i intensa carrera musical participant en molts projectes<br>diferents i acabat de tornar de la seva estada a Nova York, Manel Forti\u00e0 prepara la seva<br>projecte m\u00e9s original i innovador, Lib\u00e9rica, amb una col\u00b7laboraci\u00f3 de luxe com \u00e9s la de<br>Antonio Lizana, m\u00fasic amb qui ja ha treballat de forma regular a NYC.<\/p>\n\n\n\n<p>Lib\u00e9rica fa una aproximaci\u00f3 a el flamenc jazz des d&#8217;una nova perspectiva. D&#8217;una<br>costat busca punts en com\u00fa amb la can\u00e7\u00f3 tradicional catalana i mediterr\u00e0nia, i pel<br>un altre destaca la llibertat com a qualitat m\u00e9s important d&#8217;aquestes m\u00fasiques. El resultat \u00e9s<br>que els elements m\u00e9s lliures tant de l&#8217;jazz com de el flamenc s&#8217;uneixen per primera vegada<br>en aquest projecte que combina a la perfecci\u00f3 tradici\u00f3 i experimentaci\u00f3.<\/p>\n\n\n\n<p>Manel Forti\u00e0: contrabaix i direcci\u00f3<br>Pere Martinez: veu<br>Max Villavechia: piano<br>Raphael Pannier: bateria<br>Antonio Lizana: saxos i veu<\/p>\n\n\n\n<p>Acaben de llan\u00e7ar el primer v\u00eddeo de el projecte que podem veure en el seg\u00fcent enlla\u00e7:<br><\/p>\n\n\n\n<figure class=\"wp-block-embed is-type-video is-provider-youtube wp-block-embed-youtube wp-embed-aspect-16-9 wp-has-aspect-ratio\"><div class=\"wp-block-embed__wrapper\">\n<iframe loading=\"lazy\" title=\"La Dama d&#039;Arag\u00f3 - Manel Forti\u00e0 LIB\u00c9RICA (feat. Antonio Lizana)\" width=\"920\" height=\"518\" src=\"https:\/\/www.youtube.com\/embed\/hqFsdKYQM0o?feature=oembed\" frameborder=\"0\" allow=\"accelerometer; autoplay; clipboard-write; encrypted-media; gyroscope; picture-in-picture\" allowfullscreen><\/iframe>\n<\/div><\/figure>\n","protected":false},"excerpt":{"rendered":"<p>Despr\u00e9s d&#8217;una llarga i intensa carrera musical participant en molts projectesdiferents i acabat de tornar de la seva estada a Nova York, Manel Forti\u00e0 prepara la sevaprojecte m\u00e9s original i<\/p>\n<p class=\"more-link\"><a href=\"https:\/\/manelfortia.com\/?p=2621&#038;lang=ca\" class=\"readmore\">Seguir leyendo<svg class=\"icon icon-arrow-right\" aria-hidden=\"true\" role=\"img\"> <use href=\"#icon-arrow-right\" xlink:href=\"#icon-arrow-right\"><\/use> <\/svg><span class=\"screen-reader-text\">LIB\u00c9RICA feat. Antonio Lizana: \u00abLa Dama d&#8217;Arag\u00f3\u00bb (NEW VIDEO)<\/span><\/a><\/p>\n","protected":false},"author":1,"featured_media":2626,"comment_status":"closed","ping_status":"open","sticky":false,"template":"","format":"aside","meta":{"footnotes":"","_vp_format_video_url":"","_vp_image_focal_point":{"x":0.51,"y":0.5}},"categories":[11],"tags":[],"aioseo_notices":[],"_links":{"self":[{"href":"https:\/\/manelfortia.com\/index.php?rest_route=\/wp\/v2\/posts\/2621"}],"collection":[{"href":"https:\/\/manelfortia.com\/index.php?rest_route=\/wp\/v2\/posts"}],"about":[{"href":"https:\/\/manelfortia.com\/index.php?rest_route=\/wp\/v2\/types\/post"}],"author":[{"embeddable":true,"href":"https:\/\/manelfortia.com\/index.php?rest_route=\/wp\/v2\/users\/1"}],"replies":[{"embeddable":true,"href":"https:\/\/manelfortia.com\/index.php?rest_route=%2Fwp%2Fv2%2Fcomments&post=2621"}],"version-history":[{"count":1,"href":"https:\/\/manelfortia.com\/index.php?rest_route=\/wp\/v2\/posts\/2621\/revisions"}],"predecessor-version":[{"id":2624,"href":"https:\/\/manelfortia.com\/index.php?rest_route=\/wp\/v2\/posts\/2621\/revisions\/2624"}],"wp:featuredmedia":[{"embeddable":true,"href":"https:\/\/manelfortia.com\/index.php?rest_route=\/wp\/v2\/media\/2626"}],"wp:attachment":[{"href":"https:\/\/manelfortia.com\/index.php?rest_route=%2Fwp%2Fv2%2Fmedia&parent=2621"}],"wp:term":[{"taxonomy":"category","embeddable":true,"href":"https:\/\/manelfortia.com\/index.php?rest_route=%2Fwp%2Fv2%2Fcategories&post=2621"},{"taxonomy":"post_tag","embeddable":true,"href":"https:\/\/manelfortia.com\/index.php?rest_route=%2Fwp%2Fv2%2Ftags&post=2621"}],"curies":[{"name":"wp","href":"https:\/\/api.w.org\/{rel}","templated":true}]}}