{"id":2635,"date":"2021-06-20T11:00:44","date_gmt":"2021-06-20T09:00:44","guid":{"rendered":"https:\/\/manelfortia.com\/?p=2635"},"modified":"2021-06-21T15:04:07","modified_gmt":"2021-06-21T13:04:07","slug":"manel-fortia-presenta-liberica-feat-antonio-lizana","status":"publish","type":"post","link":"https:\/\/manelfortia.com\/?p=2635&lang=es","title":{"rendered":"Manel Forti\u00e0 presenta: LIB\u00c9RICA (feat. Antonio Lizana)"},"content":{"rendered":"\n<figure class=\"wp-block-image size-large\"><img loading=\"lazy\" decoding=\"async\" width=\"1024\" height=\"576\" src=\"https:\/\/manelfortia.com\/wp-content\/uploads\/2021\/06\/FotosLiberica11-min-1024x576.jpg\" alt=\"\" class=\"wp-image-2720\" srcset=\"https:\/\/manelfortia.com\/wp-content\/uploads\/2021\/06\/FotosLiberica11-min-1024x576.jpg 1024w, https:\/\/manelfortia.com\/wp-content\/uploads\/2021\/06\/FotosLiberica11-min-300x169.jpg 300w, https:\/\/manelfortia.com\/wp-content\/uploads\/2021\/06\/FotosLiberica11-min-768x432.jpg 768w, https:\/\/manelfortia.com\/wp-content\/uploads\/2021\/06\/FotosLiberica11-min-1536x864.jpg 1536w, https:\/\/manelfortia.com\/wp-content\/uploads\/2021\/06\/FotosLiberica11-min-2048x1152.jpg 2048w, https:\/\/manelfortia.com\/wp-content\/uploads\/2021\/06\/FotosLiberica11-min-500x281.jpg 500w, https:\/\/manelfortia.com\/wp-content\/uploads\/2021\/06\/FotosLiberica11-min-800x450.jpg 800w, https:\/\/manelfortia.com\/wp-content\/uploads\/2021\/06\/FotosLiberica11-min-1280x720.jpg 1280w, https:\/\/manelfortia.com\/wp-content\/uploads\/2021\/06\/FotosLiberica11-min-1920x1080.jpg 1920w\" sizes=\"(max-width: 1024px) 100vw, 1024px\" \/><\/figure>\n\n\n\n<p>Tras una larga e intensa carrera musical, participando en multitud de proyectos distintos y reci\u00e9n regresado de Nueva York,&nbsp;<strong>Manel Forti\u00e0<\/strong>&nbsp;prepara su proyecto m\u00e1s original e innovador,&nbsp;<strong>Lib\u00e9rica<\/strong>, con la gran colaboraci\u00f3n del saxofonista y cantaor&nbsp;<strong>Antonio Lizana<\/strong>, m\u00fasico con el que ya ha trabajado de forma regular en NYC.<\/p>\n\n\n\n<p>Lib\u00e9rica hace una aproximaci\u00f3n al flamenco jazz desde una nueva perspectiva. Por un lado busca puntos en com\u00fan con la canci\u00f3n tradicional catalana y mediterr\u00e1nea, y por el otro destaca la libertad como cualidad m\u00e1s importante de estas m\u00fasicas. El resultado es que los elementos m\u00e1s libres tanto del jazz como del flamenco se unen por primera vez en este proyecto que combina a la perfecci\u00f3n tradici\u00f3n y experimentaci\u00f3n.<\/p>\n\n\n\n<p class=\"has-text-align-left\">La formaci\u00f3n cuenta con lo mejorcito del nuevo flamenco jazz espa\u00f1ol (<strong>Pere Martinez<\/strong> y <strong>Max Villavecchia<\/strong> (Los Aurora), <strong>Antonio Lizana <\/strong>(Antonio Lizana Project, Chano Dominguez &amp; Antonio Lizana Quartet&#8230;)) m\u00e1s uno de los nuevos valores del jazz moderno europeo, con conexi\u00f3n con NYC tambi\u00e9n, el bateria parisino <strong>Raphael Pannier<\/strong> (Miguel Zen\u00f3n, Aaron Goldberg&#8230;).<\/p>\n\n\n\n<p class=\"has-text-align-left\"><br><strong>Manel Forti\u00e0<\/strong>: contrabajo y direcci\u00f3n<br><strong>Pere Martinez<\/strong>: voz<br><strong>Max Villavecchia<\/strong>: piano<br><strong>Raphael Pannier<\/strong>: bateria<br><strong>Antonio Lizana<\/strong>: saxos y voz<\/p>\n\n\n\n<p>Acaban de lanzar un nuevo video del proyecto. Se trata de la canci\u00f3n tradicional catalana \u00ab<strong>La Dama d&#8217;Arag\u00f3<\/strong>\u00bb a ritmo de Fandango-Jazz y Seguiriya, mezclada con un cante tradicional flamenco. La podemos ver en el siguiente enlace:<\/p>\n\n\n\n<figure class=\"wp-block-embed is-type-video is-provider-youtube wp-block-embed-youtube wp-embed-aspect-16-9 wp-has-aspect-ratio\"><div class=\"wp-block-embed__wrapper\">\n<iframe loading=\"lazy\" title=\"La Dama d&#039;Arag\u00f3 - Manel Forti\u00e0 LIB\u00c9RICA (feat. Antonio Lizana)\" width=\"920\" height=\"518\" src=\"https:\/\/www.youtube.com\/embed\/hqFsdKYQM0o?feature=oembed\" frameborder=\"0\" allow=\"accelerometer; autoplay; clipboard-write; encrypted-media; gyroscope; picture-in-picture\" allowfullscreen><\/iframe>\n<\/div><\/figure>\n\n\n\n<hr class=\"wp-block-separator\"\/>\n\n\n\n<div class=\"wp-block-group\"><div class=\"wp-block-group__inner-container is-layout-flow wp-block-group-is-layout-flow\">\n<div class=\"wp-block-columns is-layout-flex wp-container-core-columns-layout-1 wp-block-columns-is-layout-flex\">\n<div class=\"wp-block-column is-layout-flow wp-block-column-is-layout-flow\">\n<p class=\"has-text-align-center\" style=\"font-size:18px\"><strong>M\u00e1s informaci\u00f3n en:<\/strong><\/p>\n\n\n\n<ul class=\"wp-block-social-links aligncenter is-layout-flex wp-block-social-links-is-layout-flex\"><li class=\"wp-social-link wp-social-link-facebook  wp-block-social-link\"><a href=\"https:\/\/www.facebook.com\/manelfortia\" class=\"wp-block-social-link-anchor\"><svg width=\"24\" height=\"24\" viewBox=\"0 0 24 24\" version=\"1.1\" xmlns=\"http:\/\/www.w3.org\/2000\/svg\" aria-hidden=\"true\" focusable=\"false\"><path d=\"M12 2C6.5 2 2 6.5 2 12c0 5 3.7 9.1 8.4 9.9v-7H7.9V12h2.5V9.8c0-2.5 1.5-3.9 3.8-3.9 1.1 0 2.2.2 2.2.2v2.5h-1.3c-1.2 0-1.6.8-1.6 1.6V12h2.8l-.4 2.9h-2.3v7C18.3 21.1 22 17 22 12c0-5.5-4.5-10-10-10z\"><\/path><\/svg><span class=\"wp-block-social-link-label screen-reader-text\">Facebook<\/span><\/a><\/li>\n\n<li class=\"wp-social-link wp-social-link-instagram  wp-block-social-link\"><a href=\"https:\/\/www.instagram.com\/manelfortia\" class=\"wp-block-social-link-anchor\"><svg width=\"24\" height=\"24\" viewBox=\"0 0 24 24\" version=\"1.1\" xmlns=\"http:\/\/www.w3.org\/2000\/svg\" aria-hidden=\"true\" focusable=\"false\"><path d=\"M12,4.622c2.403,0,2.688,0.009,3.637,0.052c0.877,0.04,1.354,0.187,1.671,0.31c0.42,0.163,0.72,0.358,1.035,0.673 c0.315,0.315,0.51,0.615,0.673,1.035c0.123,0.317,0.27,0.794,0.31,1.671c0.043,0.949,0.052,1.234,0.052,3.637 s-0.009,2.688-0.052,3.637c-0.04,0.877-0.187,1.354-0.31,1.671c-0.163,0.42-0.358,0.72-0.673,1.035 c-0.315,0.315-0.615,0.51-1.035,0.673c-0.317,0.123-0.794,0.27-1.671,0.31c-0.949,0.043-1.233,0.052-3.637,0.052 s-2.688-0.009-3.637-0.052c-0.877-0.04-1.354-0.187-1.671-0.31c-0.42-0.163-0.72-0.358-1.035-0.673 c-0.315-0.315-0.51-0.615-0.673-1.035c-0.123-0.317-0.27-0.794-0.31-1.671C4.631,14.688,4.622,14.403,4.622,12 s0.009-2.688,0.052-3.637c0.04-0.877,0.187-1.354,0.31-1.671c0.163-0.42,0.358-0.72,0.673-1.035 c0.315-0.315,0.615-0.51,1.035-0.673c0.317-0.123,0.794-0.27,1.671-0.31C9.312,4.631,9.597,4.622,12,4.622 M12,3 C9.556,3,9.249,3.01,8.289,3.054C7.331,3.098,6.677,3.25,6.105,3.472C5.513,3.702,5.011,4.01,4.511,4.511 c-0.5,0.5-0.808,1.002-1.038,1.594C3.25,6.677,3.098,7.331,3.054,8.289C3.01,9.249,3,9.556,3,12c0,2.444,0.01,2.751,0.054,3.711 c0.044,0.958,0.196,1.612,0.418,2.185c0.23,0.592,0.538,1.094,1.038,1.594c0.5,0.5,1.002,0.808,1.594,1.038 c0.572,0.222,1.227,0.375,2.185,0.418C9.249,20.99,9.556,21,12,21s2.751-0.01,3.711-0.054c0.958-0.044,1.612-0.196,2.185-0.418 c0.592-0.23,1.094-0.538,1.594-1.038c0.5-0.5,0.808-1.002,1.038-1.594c0.222-0.572,0.375-1.227,0.418-2.185 C20.99,14.751,21,14.444,21,12s-0.01-2.751-0.054-3.711c-0.044-0.958-0.196-1.612-0.418-2.185c-0.23-0.592-0.538-1.094-1.038-1.594 c-0.5-0.5-1.002-0.808-1.594-1.038c-0.572-0.222-1.227-0.375-2.185-0.418C14.751,3.01,14.444,3,12,3L12,3z M12,7.378 c-2.552,0-4.622,2.069-4.622,4.622S9.448,16.622,12,16.622s4.622-2.069,4.622-4.622S14.552,7.378,12,7.378z M12,15 c-1.657,0-3-1.343-3-3s1.343-3,3-3s3,1.343,3,3S13.657,15,12,15z M16.804,6.116c-0.596,0-1.08,0.484-1.08,1.08 s0.484,1.08,1.08,1.08c0.596,0,1.08-0.484,1.08-1.08S17.401,6.116,16.804,6.116z\"><\/path><\/svg><span class=\"wp-block-social-link-label screen-reader-text\">Instagram<\/span><\/a><\/li>\n\n<li class=\"wp-social-link wp-social-link-twitter  wp-block-social-link\"><a href=\"https:\/\/www.twitter.com\/manelfortia\" class=\"wp-block-social-link-anchor\"><svg width=\"24\" height=\"24\" viewBox=\"0 0 24 24\" version=\"1.1\" xmlns=\"http:\/\/www.w3.org\/2000\/svg\" aria-hidden=\"true\" focusable=\"false\"><path d=\"M22.23,5.924c-0.736,0.326-1.527,0.547-2.357,0.646c0.847-0.508,1.498-1.312,1.804-2.27 c-0.793,0.47-1.671,0.812-2.606,0.996C18.324,4.498,17.257,4,16.077,4c-2.266,0-4.103,1.837-4.103,4.103 c0,0.322,0.036,0.635,0.106,0.935C8.67,8.867,5.647,7.234,3.623,4.751C3.27,5.357,3.067,6.062,3.067,6.814 c0,1.424,0.724,2.679,1.825,3.415c-0.673-0.021-1.305-0.206-1.859-0.513c0,0.017,0,0.034,0,0.052c0,1.988,1.414,3.647,3.292,4.023 c-0.344,0.094-0.707,0.144-1.081,0.144c-0.264,0-0.521-0.026-0.772-0.074c0.522,1.63,2.038,2.816,3.833,2.85 c-1.404,1.1-3.174,1.756-5.096,1.756c-0.331,0-0.658-0.019-0.979-0.057c1.816,1.164,3.973,1.843,6.29,1.843 c7.547,0,11.675-6.252,11.675-11.675c0-0.178-0.004-0.355-0.012-0.531C20.985,7.47,21.68,6.747,22.23,5.924z\"><\/path><\/svg><span class=\"wp-block-social-link-label screen-reader-text\">Twitter<\/span><\/a><\/li>\n\n<li class=\"wp-social-link wp-social-link-chain  wp-block-social-link\"><a href=\"https:\/\/www.manelfortia.com\" class=\"wp-block-social-link-anchor\"><svg width=\"24\" height=\"24\" viewBox=\"0 0 24 24\" version=\"1.1\" xmlns=\"http:\/\/www.w3.org\/2000\/svg\" aria-hidden=\"true\" focusable=\"false\"><path d=\"M15.6,7.2H14v1.5h1.6c2,0,3.7,1.7,3.7,3.7s-1.7,3.7-3.7,3.7H14v1.5h1.6c2.8,0,5.2-2.3,5.2-5.2,0-2.9-2.3-5.2-5.2-5.2zM4.7,12.4c0-2,1.7-3.7,3.7-3.7H10V7.2H8.4c-2.9,0-5.2,2.3-5.2,5.2,0,2.9,2.3,5.2,5.2,5.2H10v-1.5H8.4c-2,0-3.7-1.7-3.7-3.7zm4.6.9h5.3v-1.5H9.3v1.5z\"><\/path><\/svg><span class=\"wp-block-social-link-label screen-reader-text\">Link<\/span><\/a><\/li><\/ul>\n\n\n\n<p class=\"has-text-align-center\"><\/p>\n<\/div>\n\n\n\n<div class=\"wp-block-column is-layout-flow wp-block-column-is-layout-flow\">\n<p class=\"has-text-align-center\" style=\"font-size:18px\"><strong>Management:<\/strong><\/p>\n\n\n\n<p class=\"has-text-align-center\">Toni Pino<\/p>\n\n\n\n<p class=\"has-text-align-center\">info@quimerasproducciones.com<\/p>\n<\/div>\n<\/div>\n<\/div><\/div>\n\n\n\n<p>*<em>Liberica es una coproducci\u00f3n de Manel Fortia Music, La Marf\u00e0 y el Auditori de Girona<\/em><\/p>\n","protected":false},"excerpt":{"rendered":"<p>Tras una larga e intensa carrera musical, participando en multitud de proyectos distintos y reci\u00e9n regresado de Nueva York,&nbsp;Manel Forti\u00e0&nbsp;prepara su proyecto m\u00e1s original e innovador,&nbsp;Lib\u00e9rica, con la gran colaboraci\u00f3n<\/p>\n<p class=\"more-link\"><a href=\"https:\/\/manelfortia.com\/?p=2635&#038;lang=es\" class=\"readmore\">Seguir leyendo<svg class=\"icon icon-arrow-right\" aria-hidden=\"true\" role=\"img\"> <use href=\"#icon-arrow-right\" xlink:href=\"#icon-arrow-right\"><\/use> <\/svg><span class=\"screen-reader-text\">Manel Forti\u00e0 presenta: LIB\u00c9RICA (feat. Antonio Lizana)<\/span><\/a><\/p>\n","protected":false},"author":1,"featured_media":2628,"comment_status":"closed","ping_status":"closed","sticky":false,"template":"templates\/right-sidebar.php","format":"video","meta":{"footnotes":"","_vp_format_video_url":"https:\/\/www.youtube.com\/watch?v=hqFsdKYQM0o","_vp_image_focal_point":[]},"categories":[7],"tags":[],"aioseo_notices":[],"_links":{"self":[{"href":"https:\/\/manelfortia.com\/index.php?rest_route=\/wp\/v2\/posts\/2635"}],"collection":[{"href":"https:\/\/manelfortia.com\/index.php?rest_route=\/wp\/v2\/posts"}],"about":[{"href":"https:\/\/manelfortia.com\/index.php?rest_route=\/wp\/v2\/types\/post"}],"author":[{"embeddable":true,"href":"https:\/\/manelfortia.com\/index.php?rest_route=\/wp\/v2\/users\/1"}],"replies":[{"embeddable":true,"href":"https:\/\/manelfortia.com\/index.php?rest_route=%2Fwp%2Fv2%2Fcomments&post=2635"}],"version-history":[{"count":21,"href":"https:\/\/manelfortia.com\/index.php?rest_route=\/wp\/v2\/posts\/2635\/revisions"}],"predecessor-version":[{"id":2748,"href":"https:\/\/manelfortia.com\/index.php?rest_route=\/wp\/v2\/posts\/2635\/revisions\/2748"}],"wp:featuredmedia":[{"embeddable":true,"href":"https:\/\/manelfortia.com\/index.php?rest_route=\/wp\/v2\/media\/2628"}],"wp:attachment":[{"href":"https:\/\/manelfortia.com\/index.php?rest_route=%2Fwp%2Fv2%2Fmedia&parent=2635"}],"wp:term":[{"taxonomy":"category","embeddable":true,"href":"https:\/\/manelfortia.com\/index.php?rest_route=%2Fwp%2Fv2%2Fcategories&post=2635"},{"taxonomy":"post_tag","embeddable":true,"href":"https:\/\/manelfortia.com\/index.php?rest_route=%2Fwp%2Fv2%2Ftags&post=2635"}],"curies":[{"name":"wp","href":"https:\/\/api.w.org\/{rel}","templated":true}]}}