{"id":2645,"date":"2021-06-20T11:38:11","date_gmt":"2021-06-20T09:38:11","guid":{"rendered":"https:\/\/manelfortia.com\/?p=2645"},"modified":"2021-06-20T11:38:13","modified_gmt":"2021-06-20T09:38:13","slug":"manel-fortia-presenta-liberica-feat-antonio-lizana-2","status":"publish","type":"post","link":"https:\/\/manelfortia.com\/?p=2645&lang=ca","title":{"rendered":"Manel Forti\u00e0 presenta: LIB\u00c9RICA (feat. Antonio Lizana)"},"content":{"rendered":"\n<p>Despr\u00e9s d&#8217;una llarga i intensa carrera musical participant en multitud de projectes diferents i acabat de tornar de la seva estada a Nova York, <strong>Manel Forti\u00e0<\/strong> prepara el seu projecte m\u00e9s original i innovador, <strong>Lib\u00e9rica<\/strong>, amb una gran col\u00b7laboraci\u00f3 com la del saxofonista i cantaor <strong>Antonio Lizana<\/strong>, m\u00fasic amb el que ha ja ha treballat de forma regular a Nova York.<\/p>\n\n\n\n<p><br><strong>Lib\u00e9rica<\/strong> fa una aproximaci\u00f3 a el flamenc jazz des d&#8217;una nova perspectiva. D&#8217;una banda busca punts en com\u00fa amb la can\u00e7\u00f3 tradicional catalana i mediterr\u00e0nia, i per l&#8217;altre destaca la llibertat com a qualitat m\u00e9s important d&#8217;aquestes m\u00fasiques. El resultat \u00e9s que els elements m\u00e9s lliures tant del jazz com del flamenc s&#8217;uneixen per primera vegada en aquest projecte que combina a la perfecci\u00f3 tradici\u00f3 i experimentaci\u00f3.<\/p>\n\n\n\n<p><br><strong>Manel Forti\u00e0<\/strong>: contrabaix i direcci\u00f3<br><strong>Pere Martinez<\/strong>: veu<br><strong>Max Villavecchia<\/strong>: piano<br><strong>Raphael Pannier<\/strong>: bateria<br><strong>Antonio Lizana<\/strong>: saxos y veu<\/p>\n\n\n\n<p><br>Acaben de llan\u00e7ar un nou v\u00eddeo del projecte. Es tracta de la can\u00e7\u00f3 tradicional catalana \u00ab<strong>La Dama d&#8217;Arag\u00f3<\/strong>\u00bb a ritme de Fandango-Jazz i Seguiriya, i barrejada amb un cant tradicional flamenc. La podem veure en el seg\u00fcent enlla\u00e7:<\/p>\n\n\n\n<figure class=\"wp-block-embed is-type-video is-provider-youtube wp-block-embed-youtube wp-embed-aspect-16-9 wp-has-aspect-ratio\"><div class=\"wp-block-embed__wrapper\">\n<iframe loading=\"lazy\" title=\"La Dama d&#039;Arag\u00f3 - Manel Forti\u00e0 LIB\u00c9RICA (feat. Antonio Lizana)\" width=\"920\" height=\"518\" src=\"https:\/\/www.youtube.com\/embed\/hqFsdKYQM0o?feature=oembed\" frameborder=\"0\" allow=\"accelerometer; autoplay; clipboard-write; encrypted-media; gyroscope; picture-in-picture\" allowfullscreen><\/iframe>\n<\/div><\/figure>\n","protected":false},"excerpt":{"rendered":"<p>Despr\u00e9s d&#8217;una llarga i intensa carrera musical participant en multitud de projectes diferents i acabat de tornar de la seva estada a Nova York, Manel Forti\u00e0 prepara el seu projecte<\/p>\n<p class=\"more-link\"><a href=\"https:\/\/manelfortia.com\/?p=2645&#038;lang=ca\" class=\"readmore\">Seguir leyendo<svg class=\"icon icon-arrow-right\" aria-hidden=\"true\" role=\"img\"> <use href=\"#icon-arrow-right\" xlink:href=\"#icon-arrow-right\"><\/use> <\/svg><span class=\"screen-reader-text\">Manel Forti\u00e0 presenta: LIB\u00c9RICA (feat. Antonio Lizana)<\/span><\/a><\/p>\n","protected":false},"author":1,"featured_media":2628,"comment_status":"closed","ping_status":"open","sticky":false,"template":"templates\/right-sidebar.php","format":"video","meta":{"footnotes":"","_vp_format_video_url":"https:\/\/www.youtube.com\/watch?v=hqFsdKYQM0o","_vp_image_focal_point":[]},"categories":[11],"tags":[],"aioseo_notices":[],"_links":{"self":[{"href":"https:\/\/manelfortia.com\/index.php?rest_route=\/wp\/v2\/posts\/2645"}],"collection":[{"href":"https:\/\/manelfortia.com\/index.php?rest_route=\/wp\/v2\/posts"}],"about":[{"href":"https:\/\/manelfortia.com\/index.php?rest_route=\/wp\/v2\/types\/post"}],"author":[{"embeddable":true,"href":"https:\/\/manelfortia.com\/index.php?rest_route=\/wp\/v2\/users\/1"}],"replies":[{"embeddable":true,"href":"https:\/\/manelfortia.com\/index.php?rest_route=%2Fwp%2Fv2%2Fcomments&post=2645"}],"version-history":[{"count":1,"href":"https:\/\/manelfortia.com\/index.php?rest_route=\/wp\/v2\/posts\/2645\/revisions"}],"predecessor-version":[{"id":2648,"href":"https:\/\/manelfortia.com\/index.php?rest_route=\/wp\/v2\/posts\/2645\/revisions\/2648"}],"wp:featuredmedia":[{"embeddable":true,"href":"https:\/\/manelfortia.com\/index.php?rest_route=\/wp\/v2\/media\/2628"}],"wp:attachment":[{"href":"https:\/\/manelfortia.com\/index.php?rest_route=%2Fwp%2Fv2%2Fmedia&parent=2645"}],"wp:term":[{"taxonomy":"category","embeddable":true,"href":"https:\/\/manelfortia.com\/index.php?rest_route=%2Fwp%2Fv2%2Fcategories&post=2645"},{"taxonomy":"post_tag","embeddable":true,"href":"https:\/\/manelfortia.com\/index.php?rest_route=%2Fwp%2Fv2%2Ftags&post=2645"}],"curies":[{"name":"wp","href":"https:\/\/api.w.org\/{rel}","templated":true}]}}