{"id":2832,"date":"2021-11-19T22:24:59","date_gmt":"2021-11-19T21:24:59","guid":{"rendered":"https:\/\/manelfortia.com\/?p=2832"},"modified":"2021-11-25T00:28:14","modified_gmt":"2021-11-24T23:28:14","slug":"liberica-feat-antonio-lizana-arrels-new-album","status":"publish","type":"post","link":"https:\/\/manelfortia.com\/?p=2832","title":{"rendered":"Lib\u00e9rica feat. Antonio Lizana: Arrels (NEW ALBUM)"},"content":{"rendered":"\n<h4 class=\"has-text-align-left wp-block-heading\">LIB\u00c9RICA, new project by Manel Forti\u00e0 (feat. Antonio Lizana) presents ARRELS (Segell Microscopi, December 2021)<\/h4>\n\n\n\n<h6 class=\"has-text-align-left wp-block-heading\">Arrels takes an approach to traditional Catalan music from a new fresh and regenerating perspective, where flamenco, jazz and Catalan folklore go together.<\/h6>\n\n\n\n<div class=\"wp-block-image\"><figure class=\"aligncenter size-large is-resized\"><img loading=\"lazy\" decoding=\"async\" src=\"https:\/\/manelfortia.com\/wp-content\/uploads\/2021\/11\/WhatsApp-Image-2021-11-16-at-16.11.28-1024x1024.jpeg\" alt=\"\" class=\"wp-image-2813\" width=\"347\" height=\"347\" srcset=\"https:\/\/manelfortia.com\/wp-content\/uploads\/2021\/11\/WhatsApp-Image-2021-11-16-at-16.11.28-1024x1024.jpeg 1024w, https:\/\/manelfortia.com\/wp-content\/uploads\/2021\/11\/WhatsApp-Image-2021-11-16-at-16.11.28-300x300.jpeg 300w, https:\/\/manelfortia.com\/wp-content\/uploads\/2021\/11\/WhatsApp-Image-2021-11-16-at-16.11.28-150x150.jpeg 150w, https:\/\/manelfortia.com\/wp-content\/uploads\/2021\/11\/WhatsApp-Image-2021-11-16-at-16.11.28-768x768.jpeg 768w, https:\/\/manelfortia.com\/wp-content\/uploads\/2021\/11\/WhatsApp-Image-2021-11-16-at-16.11.28-1536x1536.jpeg 1536w, https:\/\/manelfortia.com\/wp-content\/uploads\/2021\/11\/WhatsApp-Image-2021-11-16-at-16.11.28-640x640.jpeg 640w, https:\/\/manelfortia.com\/wp-content\/uploads\/2021\/11\/WhatsApp-Image-2021-11-16-at-16.11.28-500x500.jpeg 500w, https:\/\/manelfortia.com\/wp-content\/uploads\/2021\/11\/WhatsApp-Image-2021-11-16-at-16.11.28-800x800.jpeg 800w, https:\/\/manelfortia.com\/wp-content\/uploads\/2021\/11\/WhatsApp-Image-2021-11-16-at-16.11.28-1280x1280.jpeg 1280w, https:\/\/manelfortia.com\/wp-content\/uploads\/2021\/11\/WhatsApp-Image-2021-11-16-at-16.11.28-1920x1920.jpeg 1920w, https:\/\/manelfortia.com\/wp-content\/uploads\/2021\/11\/WhatsApp-Image-2021-11-16-at-16.11.28-960x960.jpeg 960w, https:\/\/manelfortia.com\/wp-content\/uploads\/2021\/11\/WhatsApp-Image-2021-11-16-at-16.11.28-140x140.jpeg 140w, https:\/\/manelfortia.com\/wp-content\/uploads\/2021\/11\/WhatsApp-Image-2021-11-16-at-16.11.28-50x50.jpeg 50w, https:\/\/manelfortia.com\/wp-content\/uploads\/2021\/11\/WhatsApp-Image-2021-11-16-at-16.11.28-666x666.jpeg 666w, https:\/\/manelfortia.com\/wp-content\/uploads\/2021\/11\/WhatsApp-Image-2021-11-16-at-16.11.28-80x80.jpeg 80w, https:\/\/manelfortia.com\/wp-content\/uploads\/2021\/11\/WhatsApp-Image-2021-11-16-at-16.11.28.jpeg 2048w\" sizes=\"(max-width: 347px) 100vw, 347px\" \/><\/figure><\/div>\n\n\n\n<p>Arrels (Segell Microscopi, 2021) is the first album of Lib\u00e9rica, this new project led by the Catalan double bass player Manel Forti\u00e0, who after a season living in New York and having played with great jazz icons such as Dave Liebman, Eliot Zigmund, Ari Hoenig, Chris Cheek &#8230; decides to return to his homeland and delve into the traditional Catalan repertoire having in mind the musical effervescence of the jazz mecca, where its multiculturalism has always been creating new musical styles as the result of the fusion between themselves. With this philosophy, Lib\u00e9rica seeks common ground between traditional Catalan songs and flamenco, using jazz as a connection nexus. It is necessary to renew and update the folklore because it enlarge his life. That is why the Fira Mediterrania of Manresa opted for this project last October, programming it as one of the festival&#8217;s highlights.<\/p>\n\n\n\n<p>It is an album that revisits great standards of traditional Catalan songbook such as \u201cLa Dama d&#8217;Arag\u00f3\u201d, \u201cEl Cant Dels Ocells\u201d or \u201cEls Tres Tambors\u201d in the key of flamenco and jazz. There is a beautiful mix of the original catalan lyrics and some traditional flamenco \u201ccantes\u201d that speaks about same themes using different words. The voices of the Catalan singer Pere Mart\u00ednez and the C\u00e1diz-born Antonio Lizana represent these two coexisting worlds within the Iberian Peninsula that join in Lib\u00e9rica in a organic and free way thanks to jazz, which has become an integrating music and a universal language during these last decades.<\/p>\n\n\n\n<p>The choice of Manel Forti\u00e0 for the traditional repertoire on the Arrels album is the result of the nostalgia he lived in the last years that he was in the United States. He needed to search his musical roots and he began to incorporate into his repertoire some Catalan hymns such as \u201cEl Cant dels Ocells\u201d, which he also covers with flamenco sounds together with the singer Magal\u00ed Sare. Then it was when his desire to continue experimenting in that direction arises. Also during that time he met the legendary pianist Chano Dominguez, a huge master in flamenco-jazz&nbsp; and with whom he is working regularly nowadays. Chano is one of the musicians who inspired him the most and makes him grow his passion for this genre, which his mentor Javier Colina had already awakened when he was a student at the Taller de M\u00fasics in Barcelona.<\/p>\n\n\n\n<p>The Lib\u00e9rica group, apart from having the stellar collaboration of the C\u00e1diz-born saxophonist and cantaor Antonio Lizana, an exceptional musician with a long international career who has established himself as a benchmark in his style, it also has two of the new values \u200b\u200bof flamenco-jazz made in Catalonia such as the singer Pere Martinez and the pianist Max Villavecchia from the revelation group \u201cLos Aurora\u00bb. In addition, it has the international collaboration of one of the rising stars in European modern jazz, the French drummer Raphael Pannier (Miguel Zen\u00f3n, Aaron Goldberg\u2026), who lives between Paris and New York.<\/p>\n\n\n\n<p>\u201cIn a society where we are increasingly faced with more norms that trap and control us, music is one of the few spaces where we can still be free. This is one of the reasons why Lib\u00e9rica was born, to help us connect with our roots from the air and make us travel through them\u201d (M. Forti\u00e0).<\/p>\n\n\n\n<p>* Lib\u00e9rica is a co-production of Manel Forti\u00e0, La Marf\u00e0 Creation Center and the Auditori de Girona.<\/p>\n\n\n\n<h5 class=\"wp-block-heading\">THE SONGS:<\/h5>\n\n\n\n<p>The album opens with \u201cLa Dama d\u2019Arag\u00f3\u201d, in a very round arrangement where Fandango de Huelva and Seguiriya are mixed. After the presentation of the song, we find a cante by Antonio that shake us, continuing with an explosive sax solo with some flavours of maestro Paco de Lucia.<\/p>\n\n\n\n<p>Next we find \u201cEl Cant dels Ocells\u201d, this arrangement already mentioned by Sole\u00e1 por Buler\u00edas, sung exceptionally by Pere that naturally takes us towards a soft double bass solo. After a traditional flamenco singing by Antonio, the last melody makes us travel to an energetic coda by Buler\u00edas where the sax shines again with intensity.<\/p>\n\n\n\n<p>Following a magnificent drums introduction by Raphael, a very original arrangement of \u201cEls 3 Tambors\u201d starts by Tanguillos de Cadiz, where the rhythmic and playful piano reminds us of maestro Keith Jarrett in his solo piano concerts. Pere&#8217;s relaxed and soft voice delight us as he introduces the song. Continuing with the love theme of the lyrics, Antonio reminds us of the great Camaron de la Isla in a powerful and deep singing that leads us to solos. It is perhaps the most elaborate arrangement on the album, as it takes us on a sonic and stylistic journey playing with the motif of the melody and constantly changing its character.<\/p>\n\n\n\n<p>Then we find ourselves in the most dramatic moment of the album, where a jailhouse seguiriya introduces us to the melody of \u201cLa Pres\u00f3 de Lleida\u201d only accompanied by traditional \u201cyunque\u201d (simulating the prison bars) and by a snare roll as if it were a Saeta. The story progresses slowly until Antonio&#8217;s flamenco jailer cante arrives, representing the pain of the prisoners. After a magnificent solo shared between piano and sax we reach the end of the story that returns us to the dramatic mood of the beginning, when the account tells the daughter that she will execute all the prisoners.<\/p>\n\n\n\n<p>In the final stretch, after this solemn finale, we find a joyful double bass solo introduction, very well executed where Manel plays freely with the melody of the song La Bella Lola, which is a Catalan Habanera, with the rhythm of a Flamenco Guajira. We find a connection between the Catalan habaneras and the flamenco guajiras, two styles that connect us with Cuba from different points of view and traditions.<\/p>\n\n\n\n<p>This introduction leads us to another habanera by Nicolau Guanyabens, \u201cLa Calma de la Mar\u201d, which will conclude the album. Perhaps the most dynamic version with a more jazzy sound, some kind of a jazz fandango. Pere&#8217;s voice shines with this beautiful melody, very well supported by the whole band, which shows that he has a very good understanding and solidity in the way the piece grows. At the peak, after a beautiful solo shared between the double bass and the piano, Antonio appears with a cante by Fandangos that talks about the sea and the storms, to end the chorus that slowly decreases the intensity again and ends with the calm that has begun. A good ending for an album with many different colors but with a very clear common thread.<\/p>\n\n\n\n<h5 class=\"wp-block-heading\">THE BAND:<\/h5>\n\n\n\n<div class=\"wp-block-image\"><figure class=\"aligncenter size-large\"><img loading=\"lazy\" decoding=\"async\" width=\"1024\" height=\"683\" src=\"https:\/\/manelfortia.com\/wp-content\/uploads\/2021\/11\/LOW_LIBE\u0301RICA_MEDITERRA\u0300NIA_TXUS-GARCIA_IMG_7734-1024x683.jpg\" alt=\"\" class=\"wp-image-2833\" srcset=\"https:\/\/manelfortia.com\/wp-content\/uploads\/2021\/11\/LOW_LIBE\u0301RICA_MEDITERRA\u0300NIA_TXUS-GARCIA_IMG_7734-1024x683.jpg 1024w, https:\/\/manelfortia.com\/wp-content\/uploads\/2021\/11\/LOW_LIBE\u0301RICA_MEDITERRA\u0300NIA_TXUS-GARCIA_IMG_7734-300x200.jpg 300w, https:\/\/manelfortia.com\/wp-content\/uploads\/2021\/11\/LOW_LIBE\u0301RICA_MEDITERRA\u0300NIA_TXUS-GARCIA_IMG_7734-768x512.jpg 768w, https:\/\/manelfortia.com\/wp-content\/uploads\/2021\/11\/LOW_LIBE\u0301RICA_MEDITERRA\u0300NIA_TXUS-GARCIA_IMG_7734-1536x1024.jpg 1536w, https:\/\/manelfortia.com\/wp-content\/uploads\/2021\/11\/LOW_LIBE\u0301RICA_MEDITERRA\u0300NIA_TXUS-GARCIA_IMG_7734-500x333.jpg 500w, https:\/\/manelfortia.com\/wp-content\/uploads\/2021\/11\/LOW_LIBE\u0301RICA_MEDITERRA\u0300NIA_TXUS-GARCIA_IMG_7734-800x533.jpg 800w, https:\/\/manelfortia.com\/wp-content\/uploads\/2021\/11\/LOW_LIBE\u0301RICA_MEDITERRA\u0300NIA_TXUS-GARCIA_IMG_7734-1280x853.jpg 1280w, https:\/\/manelfortia.com\/wp-content\/uploads\/2021\/11\/LOW_LIBE\u0301RICA_MEDITERRA\u0300NIA_TXUS-GARCIA_IMG_7734.jpg 1800w\" sizes=\"(max-width: 1024px) 100vw, 1024px\" \/><\/figure><\/div>\n\n\n\n<p>Antonio Lizana is undoubtedly one of the new values \u200b\u200bof today&#8217;s flamenco-jazz. Born in San Fernando (C\u00e1diz), his solidity and brilliance as a saxophonist and cantaor makes him an exceptional and unique musician, with an impressive control of both languages \u200b\u200band his own personality. He has collaborated with artists such as Arturo O&#8217;Farrill and Alejandro Sanz on works that received Grammy awards; also with Snarky Puppy, Marcus Miller, Chano Dom\u00ednguez, Alfredo Rodr\u00edguez, Ari Hoenig, Jorge Drexler, India Mart\u00ednez, Jorge Pardo, Shai Maestro, Chambao, Jos\u00e9 Merc\u00e9, Josemi Carmona, Carmen Linares, Pepe Habichuela &#8230;<\/p>\n\n\n\n<p>Pere Mart\u00ednez, who emerged from the team of the Taller de M\u00fasics, is one of the young talents of Spanish flamenco with the most projection. Born in Sant Cugat (Barcelona), he is familiar with the tradition and classical flamenco singing, but he has also given voice to works from other musical genres such as; contemporary classical music, flamenco song or Catalan song. R\u00e9quiem a Enrique Morente, Los Aurora or Tantos Records are some of the most recognized works by this cantaor who, with the way he understands his singing, is making his way onto the music scene.<\/p>\n\n\n\n<p>Max Villavecchia is one of the new generation pianists and composers with the greatest personality and versatility. Born in Barcelona and trained at the Taller de M\u00fasics and at the Van Amsterdam Conservatory, he has always been very active participating in a multitude of very diverse projects, of which we can highlight \u201cLos Aurora\u201d where he is also one of the main composers. He combines different musical adventures that make the young pianist a musician with a transversal character: jazz, flamenco, fusion, folklore, songwriting and free improvisation are styles that coexist in the artist&#8217;s sound universe.<\/p>\n\n\n\n<p>Raphael Pannier has established himself as one of the new values \u200b\u200bof European jazz. Born in Paris and having lived most of his life in Boston and New York, he returned to France with his debut album \u201cFaune\u201d (French Paradox, 2020), which has garnered enormous recognitions and awards from the international press such as Downbeat, NPR, Jazztimes. &#8230; He has played with musicians of the stature of Miguel Zen\u00f3n, Aaron Goldberg, Steve Wilson, Bob James, Lee Ritenour &#8230; having toured all over the world, which undoubtedly makes him one of the most promising French musicians of this era.<\/p>\n\n\n\n<p><\/p>\n\n\n\n<h5 class=\"wp-block-heading\">VIDEOS:<\/h5>\n\n\n\n<ul><li> La Dama d\u2019Arag\u00f3 (Fandango-Jazz\/Seguiriya):<\/li><\/ul>\n\n\n\n<figure class=\"wp-block-embed is-type-video is-provider-youtube wp-block-embed-youtube wp-embed-aspect-16-9 wp-has-aspect-ratio\"><div class=\"wp-block-embed__wrapper\">\n<iframe loading=\"lazy\" title=\"La Dama d&#039;Arag\u00f3 - Manel Forti\u00e0 LIB\u00c9RICA (feat. Antonio Lizana)\" width=\"920\" height=\"518\" src=\"https:\/\/www.youtube.com\/embed\/hqFsdKYQM0o?feature=oembed\" frameborder=\"0\" allow=\"accelerometer; autoplay; clipboard-write; encrypted-media; gyroscope; picture-in-picture\" allowfullscreen><\/iframe>\n<\/div><\/figure>\n\n\n\n<ul><li> El Cant dels Ocells (Sole\u00e1 por Buler\u00edas):<\/li><\/ul>\n\n\n\n<figure class=\"wp-block-embed is-type-video is-provider-youtube wp-block-embed-youtube wp-embed-aspect-16-9 wp-has-aspect-ratio\"><div class=\"wp-block-embed__wrapper\">\n<iframe loading=\"lazy\" title=\"El Cant dels Ocells - Manel Forti\u00e0 LIB\u00c9RICA (feat. Antonio Lizana)\" width=\"920\" height=\"518\" src=\"https:\/\/www.youtube.com\/embed\/DSwg6im1hrg?feature=oembed\" frameborder=\"0\" allow=\"accelerometer; autoplay; clipboard-write; encrypted-media; gyroscope; picture-in-picture\" allowfullscreen><\/iframe>\n<\/div><\/figure>\n\n\n\n<div class=\"wp-block-group is-layout-flow wp-block-group-is-layout-flow\"><div class=\"wp-block-group__inner-container\">\n<div class=\"wp-block-columns is-layout-flex wp-container-core-columns-layout-1 wp-block-columns-is-layout-flex\">\n<div class=\"wp-block-column is-layout-flow wp-block-column-is-layout-flow\">\n<p class=\"has-text-align-center\" style=\"font-size:18px\"><strong>More information:<\/strong><\/p>\n\n\n\n<ul class=\"wp-block-social-links aligncenter is-layout-flex wp-block-social-links-is-layout-flex\"><li class=\"wp-social-link wp-social-link-facebook  wp-block-social-link\"><a href=\"https:\/\/www.facebook.com\/manelfortia\" class=\"wp-block-social-link-anchor\"><svg width=\"24\" height=\"24\" viewBox=\"0 0 24 24\" version=\"1.1\" xmlns=\"http:\/\/www.w3.org\/2000\/svg\" aria-hidden=\"true\" focusable=\"false\"><path d=\"M12 2C6.5 2 2 6.5 2 12c0 5 3.7 9.1 8.4 9.9v-7H7.9V12h2.5V9.8c0-2.5 1.5-3.9 3.8-3.9 1.1 0 2.2.2 2.2.2v2.5h-1.3c-1.2 0-1.6.8-1.6 1.6V12h2.8l-.4 2.9h-2.3v7C18.3 21.1 22 17 22 12c0-5.5-4.5-10-10-10z\"><\/path><\/svg><span class=\"wp-block-social-link-label screen-reader-text\">Facebook<\/span><\/a><\/li>\n\n<li class=\"wp-social-link wp-social-link-instagram  wp-block-social-link\"><a href=\"https:\/\/www.instagram.com\/manelfortia\" class=\"wp-block-social-link-anchor\"><svg width=\"24\" height=\"24\" viewBox=\"0 0 24 24\" version=\"1.1\" xmlns=\"http:\/\/www.w3.org\/2000\/svg\" aria-hidden=\"true\" focusable=\"false\"><path d=\"M12,4.622c2.403,0,2.688,0.009,3.637,0.052c0.877,0.04,1.354,0.187,1.671,0.31c0.42,0.163,0.72,0.358,1.035,0.673 c0.315,0.315,0.51,0.615,0.673,1.035c0.123,0.317,0.27,0.794,0.31,1.671c0.043,0.949,0.052,1.234,0.052,3.637 s-0.009,2.688-0.052,3.637c-0.04,0.877-0.187,1.354-0.31,1.671c-0.163,0.42-0.358,0.72-0.673,1.035 c-0.315,0.315-0.615,0.51-1.035,0.673c-0.317,0.123-0.794,0.27-1.671,0.31c-0.949,0.043-1.233,0.052-3.637,0.052 s-2.688-0.009-3.637-0.052c-0.877-0.04-1.354-0.187-1.671-0.31c-0.42-0.163-0.72-0.358-1.035-0.673 c-0.315-0.315-0.51-0.615-0.673-1.035c-0.123-0.317-0.27-0.794-0.31-1.671C4.631,14.688,4.622,14.403,4.622,12 s0.009-2.688,0.052-3.637c0.04-0.877,0.187-1.354,0.31-1.671c0.163-0.42,0.358-0.72,0.673-1.035 c0.315-0.315,0.615-0.51,1.035-0.673c0.317-0.123,0.794-0.27,1.671-0.31C9.312,4.631,9.597,4.622,12,4.622 M12,3 C9.556,3,9.249,3.01,8.289,3.054C7.331,3.098,6.677,3.25,6.105,3.472C5.513,3.702,5.011,4.01,4.511,4.511 c-0.5,0.5-0.808,1.002-1.038,1.594C3.25,6.677,3.098,7.331,3.054,8.289C3.01,9.249,3,9.556,3,12c0,2.444,0.01,2.751,0.054,3.711 c0.044,0.958,0.196,1.612,0.418,2.185c0.23,0.592,0.538,1.094,1.038,1.594c0.5,0.5,1.002,0.808,1.594,1.038 c0.572,0.222,1.227,0.375,2.185,0.418C9.249,20.99,9.556,21,12,21s2.751-0.01,3.711-0.054c0.958-0.044,1.612-0.196,2.185-0.418 c0.592-0.23,1.094-0.538,1.594-1.038c0.5-0.5,0.808-1.002,1.038-1.594c0.222-0.572,0.375-1.227,0.418-2.185 C20.99,14.751,21,14.444,21,12s-0.01-2.751-0.054-3.711c-0.044-0.958-0.196-1.612-0.418-2.185c-0.23-0.592-0.538-1.094-1.038-1.594 c-0.5-0.5-1.002-0.808-1.594-1.038c-0.572-0.222-1.227-0.375-2.185-0.418C14.751,3.01,14.444,3,12,3L12,3z M12,7.378 c-2.552,0-4.622,2.069-4.622,4.622S9.448,16.622,12,16.622s4.622-2.069,4.622-4.622S14.552,7.378,12,7.378z M12,15 c-1.657,0-3-1.343-3-3s1.343-3,3-3s3,1.343,3,3S13.657,15,12,15z M16.804,6.116c-0.596,0-1.08,0.484-1.08,1.08 s0.484,1.08,1.08,1.08c0.596,0,1.08-0.484,1.08-1.08S17.401,6.116,16.804,6.116z\"><\/path><\/svg><span class=\"wp-block-social-link-label screen-reader-text\">Instagram<\/span><\/a><\/li>\n\n<li class=\"wp-social-link wp-social-link-twitter  wp-block-social-link\"><a href=\"https:\/\/www.twitter.com\/manelfortia\" class=\"wp-block-social-link-anchor\"><svg width=\"24\" height=\"24\" viewBox=\"0 0 24 24\" version=\"1.1\" xmlns=\"http:\/\/www.w3.org\/2000\/svg\" aria-hidden=\"true\" focusable=\"false\"><path d=\"M22.23,5.924c-0.736,0.326-1.527,0.547-2.357,0.646c0.847-0.508,1.498-1.312,1.804-2.27 c-0.793,0.47-1.671,0.812-2.606,0.996C18.324,4.498,17.257,4,16.077,4c-2.266,0-4.103,1.837-4.103,4.103 c0,0.322,0.036,0.635,0.106,0.935C8.67,8.867,5.647,7.234,3.623,4.751C3.27,5.357,3.067,6.062,3.067,6.814 c0,1.424,0.724,2.679,1.825,3.415c-0.673-0.021-1.305-0.206-1.859-0.513c0,0.017,0,0.034,0,0.052c0,1.988,1.414,3.647,3.292,4.023 c-0.344,0.094-0.707,0.144-1.081,0.144c-0.264,0-0.521-0.026-0.772-0.074c0.522,1.63,2.038,2.816,3.833,2.85 c-1.404,1.1-3.174,1.756-5.096,1.756c-0.331,0-0.658-0.019-0.979-0.057c1.816,1.164,3.973,1.843,6.29,1.843 c7.547,0,11.675-6.252,11.675-11.675c0-0.178-0.004-0.355-0.012-0.531C20.985,7.47,21.68,6.747,22.23,5.924z\"><\/path><\/svg><span class=\"wp-block-social-link-label screen-reader-text\">Twitter<\/span><\/a><\/li>\n\n<li class=\"wp-social-link wp-social-link-chain  wp-block-social-link\"><a href=\"https:\/\/www.manelfortia.com\" class=\"wp-block-social-link-anchor\"><svg width=\"24\" height=\"24\" viewBox=\"0 0 24 24\" version=\"1.1\" xmlns=\"http:\/\/www.w3.org\/2000\/svg\" aria-hidden=\"true\" focusable=\"false\"><path d=\"M15.6,7.2H14v1.5h1.6c2,0,3.7,1.7,3.7,3.7s-1.7,3.7-3.7,3.7H14v1.5h1.6c2.8,0,5.2-2.3,5.2-5.2,0-2.9-2.3-5.2-5.2-5.2zM4.7,12.4c0-2,1.7-3.7,3.7-3.7H10V7.2H8.4c-2.9,0-5.2,2.3-5.2,5.2,0,2.9,2.3,5.2,5.2,5.2H10v-1.5H8.4c-2,0-3.7-1.7-3.7-3.7zm4.6.9h5.3v-1.5H9.3v1.5z\"><\/path><\/svg><span class=\"wp-block-social-link-label screen-reader-text\">Link<\/span><\/a><\/li><\/ul>\n\n\n\n<p class=\"has-text-align-center\"><\/p>\n<\/div>\n\n\n\n<div class=\"wp-block-column is-layout-flow wp-block-column-is-layout-flow\">\n<p class=\"has-text-align-center\" style=\"font-size:18px\"><strong>Management &amp; Booking:<\/strong><\/p>\n\n\n\n<p class=\"has-text-align-center\">Toni Pino<\/p>\n\n\n\n<p class=\"has-text-align-center\">info@quimerasproducciones.com<\/p>\n<\/div>\n<\/div>\n<\/div><\/div>\n\n\n\n<p class=\"has-text-align-left\"><\/p>\n","protected":false},"excerpt":{"rendered":"<p>LIB\u00c9RICA, new project by Manel Forti\u00e0 (feat. Antonio Lizana) presents ARRELS (Segell Microscopi, December 2021) Arrels takes an approach to traditional Catalan music from a new fresh and regenerating perspective,<\/p>\n<p class=\"more-link\"><a href=\"https:\/\/manelfortia.com\/?p=2832\" class=\"readmore\">Seguir leyendo<svg class=\"icon icon-arrow-right\" aria-hidden=\"true\" role=\"img\"> <use href=\"#icon-arrow-right\" xlink:href=\"#icon-arrow-right\"><\/use> <\/svg><span class=\"screen-reader-text\">Lib\u00e9rica feat. Antonio Lizana: Arrels (NEW ALBUM)<\/span><\/a><\/p>\n","protected":false},"author":1,"featured_media":2813,"comment_status":"closed","ping_status":"open","sticky":false,"template":"templates\/right-sidebar.php","format":"aside","meta":{"footnotes":"","_vp_format_video_url":"","_vp_image_focal_point":[]},"categories":[1],"tags":[],"aioseo_notices":[],"_links":{"self":[{"href":"https:\/\/manelfortia.com\/index.php?rest_route=\/wp\/v2\/posts\/2832"}],"collection":[{"href":"https:\/\/manelfortia.com\/index.php?rest_route=\/wp\/v2\/posts"}],"about":[{"href":"https:\/\/manelfortia.com\/index.php?rest_route=\/wp\/v2\/types\/post"}],"author":[{"embeddable":true,"href":"https:\/\/manelfortia.com\/index.php?rest_route=\/wp\/v2\/users\/1"}],"replies":[{"embeddable":true,"href":"https:\/\/manelfortia.com\/index.php?rest_route=%2Fwp%2Fv2%2Fcomments&post=2832"}],"version-history":[{"count":6,"href":"https:\/\/manelfortia.com\/index.php?rest_route=\/wp\/v2\/posts\/2832\/revisions"}],"predecessor-version":[{"id":2873,"href":"https:\/\/manelfortia.com\/index.php?rest_route=\/wp\/v2\/posts\/2832\/revisions\/2873"}],"wp:featuredmedia":[{"embeddable":true,"href":"https:\/\/manelfortia.com\/index.php?rest_route=\/wp\/v2\/media\/2813"}],"wp:attachment":[{"href":"https:\/\/manelfortia.com\/index.php?rest_route=%2Fwp%2Fv2%2Fmedia&parent=2832"}],"wp:term":[{"taxonomy":"category","embeddable":true,"href":"https:\/\/manelfortia.com\/index.php?rest_route=%2Fwp%2Fv2%2Fcategories&post=2832"},{"taxonomy":"post_tag","embeddable":true,"href":"https:\/\/manelfortia.com\/index.php?rest_route=%2Fwp%2Fv2%2Ftags&post=2832"}],"curies":[{"name":"wp","href":"https:\/\/api.w.org\/{rel}","templated":true}]}}