{"id":2836,"date":"2021-11-19T22:40:35","date_gmt":"2021-11-19T21:40:35","guid":{"rendered":"https:\/\/manelfortia.com\/?p=2836"},"modified":"2021-11-25T00:27:13","modified_gmt":"2021-11-24T23:27:13","slug":"liberica-feat-antonio-lizana-arrels-nuevo-album","status":"publish","type":"post","link":"https:\/\/manelfortia.com\/?p=2836&lang=es","title":{"rendered":"Lib\u00e9rica feat. Antonio Lizana: Arrels (NUEVO ALBUM)"},"content":{"rendered":"\n<h4 class=\"has-text-align-left wp-block-heading\">LIB\u00c9RICA, nuevo proyecto de Manel Forti\u00e0 (feat. Antonio Lizana) presenta ARRELS (Segell Microscopi, Diciembre 2021)<\/h4>\n\n\n\n<h6 class=\"has-text-align-left wp-block-heading\">Arrels hace una aproximaci\u00f3n a la m\u00fasica tradicional catalana desde un nuevo prisma fresco y regenerador, donde el flamenco, el jazz y el folclore catal\u00e1n se agarran de la mano.<\/h6>\n\n\n\n<div class=\"wp-block-image\"><figure class=\"aligncenter size-large is-resized\"><img loading=\"lazy\" decoding=\"async\" src=\"https:\/\/manelfortia.com\/wp-content\/uploads\/2021\/11\/WhatsApp-Image-2021-11-16-at-16.11.28-1024x1024.jpeg\" alt=\"\" class=\"wp-image-2813\" width=\"347\" height=\"347\" srcset=\"https:\/\/manelfortia.com\/wp-content\/uploads\/2021\/11\/WhatsApp-Image-2021-11-16-at-16.11.28-1024x1024.jpeg 1024w, https:\/\/manelfortia.com\/wp-content\/uploads\/2021\/11\/WhatsApp-Image-2021-11-16-at-16.11.28-300x300.jpeg 300w, https:\/\/manelfortia.com\/wp-content\/uploads\/2021\/11\/WhatsApp-Image-2021-11-16-at-16.11.28-150x150.jpeg 150w, https:\/\/manelfortia.com\/wp-content\/uploads\/2021\/11\/WhatsApp-Image-2021-11-16-at-16.11.28-768x768.jpeg 768w, https:\/\/manelfortia.com\/wp-content\/uploads\/2021\/11\/WhatsApp-Image-2021-11-16-at-16.11.28-1536x1536.jpeg 1536w, https:\/\/manelfortia.com\/wp-content\/uploads\/2021\/11\/WhatsApp-Image-2021-11-16-at-16.11.28-640x640.jpeg 640w, https:\/\/manelfortia.com\/wp-content\/uploads\/2021\/11\/WhatsApp-Image-2021-11-16-at-16.11.28-500x500.jpeg 500w, https:\/\/manelfortia.com\/wp-content\/uploads\/2021\/11\/WhatsApp-Image-2021-11-16-at-16.11.28-800x800.jpeg 800w, https:\/\/manelfortia.com\/wp-content\/uploads\/2021\/11\/WhatsApp-Image-2021-11-16-at-16.11.28-1280x1280.jpeg 1280w, https:\/\/manelfortia.com\/wp-content\/uploads\/2021\/11\/WhatsApp-Image-2021-11-16-at-16.11.28-1920x1920.jpeg 1920w, https:\/\/manelfortia.com\/wp-content\/uploads\/2021\/11\/WhatsApp-Image-2021-11-16-at-16.11.28-960x960.jpeg 960w, https:\/\/manelfortia.com\/wp-content\/uploads\/2021\/11\/WhatsApp-Image-2021-11-16-at-16.11.28-140x140.jpeg 140w, https:\/\/manelfortia.com\/wp-content\/uploads\/2021\/11\/WhatsApp-Image-2021-11-16-at-16.11.28-50x50.jpeg 50w, https:\/\/manelfortia.com\/wp-content\/uploads\/2021\/11\/WhatsApp-Image-2021-11-16-at-16.11.28-666x666.jpeg 666w, https:\/\/manelfortia.com\/wp-content\/uploads\/2021\/11\/WhatsApp-Image-2021-11-16-at-16.11.28-80x80.jpeg 80w, https:\/\/manelfortia.com\/wp-content\/uploads\/2021\/11\/WhatsApp-Image-2021-11-16-at-16.11.28.jpeg 2048w\" sizes=\"(max-width: 347px) 100vw, 347px\" \/><\/figure><\/div>\n\n\n\n<p><\/p>\n\n\n\n<p>Arrels (Segell Microscopi, 2021) es el primer trabajo de Lib\u00e9rica, este nuevo proyecto liderado por el contrabajista catal\u00e1n Manel Forti\u00e0, que despu\u00e9s de una temporada viviendo en Nueva York y habiendo tocado con grandes iconos del jazz como Dave Liebman, Eliot Zigmund, Ari Hoenig, Chris Cheek&#8230; decide volver a su tierra natal y adentrarse en el repertorio tradicional catal\u00e1n sin desprenderse de la efervecencia musical de la meca del jazz, donde su multiculturalidad siempre ha propiciado que se fusionen diferentes estilos para crear otros nuevos. Con esta filosof\u00eda, Lib\u00e9rica busca puntos en com\u00fan entre la canci\u00f3n tradicional catalana y el flamenco utilizando el jazz libre como veh\u00edculo conductor. La renovaci\u00f3n y actualizaci\u00f3n del folclore es necesaria y ayuda a que \u00e9ste siga vivo. Es por eso que la Fira Mediterrania de Manresa apost\u00f3 por este proyecto el pasado octubre program\u00e1ndolo como uno de los platos fuertes del festival.<\/p>\n\n\n\n<p>Se trata de un disco que revisita grandes est\u00e1ndares de la canci\u00f3n tradicional catalana como son \u201cLa Dama d\u2019Arag\u00f3\u201d, \u201cEl Cant Dels Ocells\u201d o \u201cEls Tres Tambors\u201d en clave de flamenco y de jazz, mezclando sus letras con cantes tradicionales que hablan de las mismas tem\u00e1ticas pero con otras palabras. Las voces del catal\u00e1n Pere Mart\u00ednez y del gaditano Antonio Lizana representan estos dos mundos coexistentes dentro de la Pen\u00ednsula que se encuentran en Lib\u00e9rica de una forma org\u00e1nica y libre gracias al jazz, que podr\u00eda decirse que se ha convertido en una m\u00fasica integradora y en un lenguaje universal durante las \u00faltimas d\u00e9cadas.<\/p>\n\n\n\n<p>La elecci\u00f3n de Manel Forti\u00e0 por el repertorio tradicional en el disco Arrels es fruto de la nostalgia vivida en los \u00faltimos a\u00f1os que estuvo en Estados Unidos. De alguna manera all\u00ed se le despierta la necesidad de buscar en sus ra\u00edces musicales y empieza a incorporar en su repertorio algunos himnos catalanes como \u201cEl Cant dels Ocells\u201d, el cual tambi\u00e9n versiona con sonoridades flamencas junto con la cantante Magal\u00ed Sare. All\u00ed es cuando surgen sus ganas de seguir experimentando en esa direcci\u00f3n. Tambi\u00e9n durante esa \u00e9poca conoce al legendario pianista Chano Dominguez, un claro referente en el flamenco-jazz y con el que ahora trabaja de forma regular. Es \u00e9l uno de los m\u00fasicos que m\u00e1s le inspira y le hace crecer su pasi\u00f3n por este g\u00e9nero, que ya hab\u00eda despertado su mentor Javier Colina en su \u00e9poca de estudiante en el Taller de M\u00fasics de Barcelona.<\/p>\n\n\n\n<p>La formaci\u00f3n Lib\u00e9rica, aparte de tener la colaboraci\u00f3n estelar del saxofonista y cantaor gaditano Antonio Lizana, un m\u00fasico excepcional con larga trayectoria internacional y que se ha consolidado como un referente en su estilo, cuenta tambi\u00e9n con dos de los nuevos valores del flamenco-jazz hecho en Catalu\u00f1a como son el cantante Pere Martinez y el pianista Max Villavecchia de \u00abLos Aurora\u00bb. Adem\u00e1s nos encontramos con la colaboraci\u00f3n internacional de una de las nuevas revelaciones dentro del jazz moderno Europeo, el bater\u00eda franc\u00e9s Raphael Pannier (Miguel Zen\u00f3n, Aaron Goldberg\u2026), residente entre Par\u00eds y Nueva York.<\/p>\n\n\n\n<p>\u201cEn una sociedad en la que cada vez nos encontramos con m\u00e1s normas que nos atrapan y controlan, la m\u00fasica es de los pocos espacios donde todav\u00eda podemos ser libres. \u00c9ste es uno de los motivos por el que nace Lib\u00e9rica, para ayudarnos a conectar con nuestras ra\u00edces desde el aire y hacernos un poco mas felices cada dia\u201d (M. Forti\u00e0)<\/p>\n\n\n\n<p>*Lib\u00e9rica es una coproducci\u00f3n de Manel Forti\u00e0, La Marf\u00e0 Centro de Creaci\u00f3n y el Auditori de Girona.<\/p>\n\n\n\n<h5 class=\"wp-block-heading\">LAS CANCIONES:<\/h5>\n\n\n\n<p>El disco abre con \u201cLa Dama d\u2019Arag\u00f3\u201d, en un arreglo muy redondo donde se mezclan Fandango de Huelva y Seguiriya. Despu\u00e9s de la presentaci\u00f3n del tema encontramos un cante de Antonio que pone la piel de gallina desencadenando en un explosivo solo de saxo con alg\u00fan gui\u00f1o al maestro Paco de Lucia.<\/p>\n\n\n\n<p>A continuaci\u00f3n encontramos \u201cEl Cant dels Ocells\u201d, este arreglo ya mencionado por Sole\u00e1 por Buler\u00edas, cantado excepcionalmente por Pere que nos lleva de forma natural hacia un sentido solo de contrabajo. Despu\u00e9s de un cante flamenco tradicional de Antonio, la \u00faltima melod\u00eda nos hace aterrizar en una coda energ\u00e9tica por Buler\u00edas donde el saxo vuelve a brillar con intensidad.<\/p>\n\n\n\n<p>Seguidamente de una magn\u00edfica introducci\u00f3n de bater\u00eda (o de tambores) del Raphael, comienza un arreglo muy original de \u201cEls 3 Tambors\u201d, el cual comienza por Tanguillos de Cadiz, donde el piano muy r\u00edtmico y juguet\u00f3n nos recuerda al maestro Keith Jarrett en sus conciertos a piano solo. La voz relajada y suave de Pere nos hace caricias a las orejas mientras nos va introduciendo la canci\u00f3n. Siguiendo con la tem\u00e1tica amorosa de la letra, Antonio nos recuerda al gran Camar\u00f3n de la Isla en un sentido y profundo canto que nos lleva hacia los solos. Quiz\u00e1 sea el arreglo m\u00e1s elaborado del disco, ya que nos lleva por un viaje sonoro y estil\u00edstico jugando con el motivo de la melod\u00eda y cambi\u00e1ndolo de car\u00e1cter constantemente.<\/p>\n\n\n\n<p>A continuaci\u00f3n nos encontramos en el momento m\u00e1s dram\u00e1tico del disco, donde una seguiriya carcelera nos introduce la melod\u00eda de \u201cLa Pres\u00f3 de Lleida\u201d s\u00f3lo acompa\u00f1ada por un yunque (simulando los barrotes de la c\u00e1rcel) y por un redoble de caja como si se tratara de una Saeta. Poco a poco va avanzando la historia hasta que llega el cante carcelero de Antonio representando el dolor de los presos. Despu\u00e9s de un magn\u00edfico solo compartido entre piano y saxo llegamos al final de la historia que nos devuelve al clima dram\u00e1tico del inicio despu\u00e9s de que la cuenta le dice a la hija que ejecutar\u00e1 a todos los presos.<\/p>\n\n\n\n<p>Ya en la recta final, despu\u00e9s de este final solemne, nos encontramos con una alegre introducci\u00f3n de contrabajo muy bien ejecutada donde Manel juega con la melod\u00eda de la habanera La Bella Lola con ritmo de guajira flamenca. Encontramos por tanto una conexi\u00f3n entre las habaneras catalanas y las guajiras flamencas, dos estilos que nos conectan con Cuba desde diferentes puntos de vista y tradiciones.<\/p>\n\n\n\n<p>Esta introducci\u00f3n nos lleva hacia otra habanera de Nicolau Guanyabens, \u201cLa Calma de la Mar\u201d, que servir\u00e1 para concluir el disco. Quiz\u00e1s la versi\u00f3n m\u00e1s din\u00e1mica y con una sonoridad m\u00e1s jazzy con alg\u00fan toque de fandango swingado. La voz de Pere brilla con esta melod\u00eda tan bonita muy bien apoyada por toda la banda que demuestra tener muy buen entendimiento y solidez en la forma en que la pieza va creciendo. En el punto \u00e1lgido, despu\u00e9s de un bonito solo compartido entre el contrabajo y el piano, aparece Antonio con un cante por Fandangos que habla del mar y las tormentas, para acabar con el estribillo que poco a poco vuelve a bajar la intensidad y termina con la calma que ha empezado. Un buen final para un disco con muchos colores distintos pero con un hilo conductor muy claro.<\/p>\n\n\n\n<h5 class=\"wp-block-heading\">LOS COMPONENTES:<\/h5>\n\n\n\n<div class=\"wp-block-image\"><figure class=\"aligncenter size-large\"><img loading=\"lazy\" decoding=\"async\" width=\"1024\" height=\"683\" src=\"https:\/\/manelfortia.com\/wp-content\/uploads\/2021\/11\/LOW_LIBE\u0301RICA_MEDITERRA\u0300NIA_TXUS-GARCIA_IMG_7734-1024x683.jpg\" alt=\"\" class=\"wp-image-2833\" srcset=\"https:\/\/manelfortia.com\/wp-content\/uploads\/2021\/11\/LOW_LIBE\u0301RICA_MEDITERRA\u0300NIA_TXUS-GARCIA_IMG_7734-1024x683.jpg 1024w, https:\/\/manelfortia.com\/wp-content\/uploads\/2021\/11\/LOW_LIBE\u0301RICA_MEDITERRA\u0300NIA_TXUS-GARCIA_IMG_7734-300x200.jpg 300w, https:\/\/manelfortia.com\/wp-content\/uploads\/2021\/11\/LOW_LIBE\u0301RICA_MEDITERRA\u0300NIA_TXUS-GARCIA_IMG_7734-768x512.jpg 768w, https:\/\/manelfortia.com\/wp-content\/uploads\/2021\/11\/LOW_LIBE\u0301RICA_MEDITERRA\u0300NIA_TXUS-GARCIA_IMG_7734-1536x1024.jpg 1536w, https:\/\/manelfortia.com\/wp-content\/uploads\/2021\/11\/LOW_LIBE\u0301RICA_MEDITERRA\u0300NIA_TXUS-GARCIA_IMG_7734-500x333.jpg 500w, https:\/\/manelfortia.com\/wp-content\/uploads\/2021\/11\/LOW_LIBE\u0301RICA_MEDITERRA\u0300NIA_TXUS-GARCIA_IMG_7734-800x533.jpg 800w, https:\/\/manelfortia.com\/wp-content\/uploads\/2021\/11\/LOW_LIBE\u0301RICA_MEDITERRA\u0300NIA_TXUS-GARCIA_IMG_7734-1280x853.jpg 1280w, https:\/\/manelfortia.com\/wp-content\/uploads\/2021\/11\/LOW_LIBE\u0301RICA_MEDITERRA\u0300NIA_TXUS-GARCIA_IMG_7734.jpg 1800w\" sizes=\"(max-width: 1024px) 100vw, 1024px\" \/><\/figure><\/div>\n\n\n\n<p><\/p>\n\n\n\n<p>Antonio Lizana sin duda es uno de los nuevos valores del flamenco-jazz actual. Nacido en San Fernando (C\u00e1diz), su solidez y brillo como saxofonista y cantaor lo hace un m\u00fasico excepcional y \u00fanico, con un impresionante control de los dos lenguajes y una personalidad propia. Ha colaborado con artistas como Arturo O&#8217;Farrill y Alejandro Sanz en obras que recibieron premios a Grammy; tambi\u00e9n con Snarky Puppy, Marcus Miller, Chano Dom\u00ednguez, Alfredo Rodr\u00edguez, Ari Hoenig, Jorge Drexler, India Mart\u00ednez, Jorge Pardo, Shai Maestro, Chambao, Jos\u00e9 Merc\u00e9, Josemi Carmona, Carmen Linares, Pepe Habichuela&#8230;<\/p>\n\n\n\n<p>Pere Mart\u00ednez, surgido de la cantera del Taller de M\u00fasics, es uno de los j\u00f3venes valores del flamenco de casa con m\u00e1s proyecci\u00f3n. Nacido en Sant Cugat (Barcelona), es conocedor de la tradici\u00f3n y del canto flamenco cl\u00e1sico, pero tambi\u00e9n ha dado voz a trabajos de otros g\u00e9neros musicales como; la m\u00fasica cl\u00e1sica contempor\u00e1nea, la canci\u00f3n flamenca o la canci\u00f3n catalana. R\u00e9quiem a Enrique Morente, Los Aurora o Tantos Records son algunos de los trabajos m\u00e1s reconocidos de este cantaor que, con su forma de entender el canto, se va abriendo camino en el panorama musical.<\/p>\n\n\n\n<p>Max Villavecchia es uno de los pianistas y compositores de la nueva generaci\u00f3n con mayor personalidad y versatilidad. Nacido en Barcelona y formado en el Taller de M\u00fasics y en el Conservatorio Van Amsterdam, siempre ha estado muy activo participando en multitud de proyectos muy diversos, de los cuales podemos destacar \u201cLos Aurora\u201d donde es tambi\u00e9n uno de los principales compositores. Compagina distintas aventuras musicales que hacen del joven pianista un m\u00fasico con car\u00e1cter transversal: jazz, flamenco, fusi\u00f3n, folclore, canci\u00f3n de autor y libre improvisaci\u00f3n son estilos que conviven en el universo sonoro del artista<\/p>\n\n\n\n<p>Raphael Pannier se ha consagrado como uno de los nuevos valores del jazz europeo. Nacido en Paris y habiendo vivido gran parte de su vida en Boston y Nueva York, regresa a Francia con su disco debut \u201cFaune\u201d (French Paradox, 2020), que acapara enormes reconocimientos y premios de la prensa internacional como Downbeat, NPR, Jazztimes\u2026 Ha tocado con m\u00fasicos de la talla de Miguel Zen\u00f3n, Aaron Goldberg, Steve Wilson, Bob James, Lee Ritenour\u2026 habiendo hecho giras por todo el mundo, la cual cosa lo convierte sin duda en uno de los m\u00fasicos franceses m\u00e1s prometedores de los \u00faltimos tiempos.&nbsp;<\/p>\n\n\n\n<p><\/p>\n\n\n\n<h5 class=\"wp-block-heading\">VIDEOS:<\/h5>\n\n\n\n<ul><li> La Dama d\u2019Arag\u00f3 (Fandango-Jazz\/Seguiriya):<\/li><\/ul>\n\n\n\n<figure class=\"wp-block-embed is-type-video is-provider-youtube wp-block-embed-youtube wp-embed-aspect-16-9 wp-has-aspect-ratio\"><div class=\"wp-block-embed__wrapper\">\n<iframe loading=\"lazy\" title=\"La Dama d&#039;Arag\u00f3 - Manel Forti\u00e0 LIB\u00c9RICA (feat. Antonio Lizana)\" width=\"920\" height=\"518\" src=\"https:\/\/www.youtube.com\/embed\/hqFsdKYQM0o?feature=oembed\" frameborder=\"0\" allow=\"accelerometer; autoplay; clipboard-write; encrypted-media; gyroscope; picture-in-picture\" allowfullscreen><\/iframe>\n<\/div><\/figure>\n\n\n\n<ul><li> El Cant dels Ocells (Sole\u00e1 por Buler\u00edas):<\/li><\/ul>\n\n\n\n<figure class=\"wp-block-embed is-type-video is-provider-youtube wp-block-embed-youtube wp-embed-aspect-16-9 wp-has-aspect-ratio\"><div class=\"wp-block-embed__wrapper\">\n<iframe loading=\"lazy\" title=\"El Cant dels Ocells - Manel Forti\u00e0 LIB\u00c9RICA (feat. Antonio Lizana)\" width=\"920\" height=\"518\" src=\"https:\/\/www.youtube.com\/embed\/DSwg6im1hrg?feature=oembed\" frameborder=\"0\" allow=\"accelerometer; autoplay; clipboard-write; encrypted-media; gyroscope; picture-in-picture\" allowfullscreen><\/iframe>\n<\/div><\/figure>\n\n\n\n<div class=\"wp-block-group is-layout-flow wp-block-group-is-layout-flow\"><div class=\"wp-block-group__inner-container\">\n<div class=\"wp-block-columns is-layout-flex wp-container-core-columns-layout-1 wp-block-columns-is-layout-flex\">\n<div class=\"wp-block-column is-layout-flow wp-block-column-is-layout-flow\">\n<p class=\"has-text-align-center\" style=\"font-size:18px\"><strong>Mas informaci\u00f3n:<\/strong><\/p>\n\n\n\n<ul class=\"wp-block-social-links aligncenter is-layout-flex wp-block-social-links-is-layout-flex\"><li class=\"wp-social-link wp-social-link-facebook  wp-block-social-link\"><a href=\"https:\/\/www.facebook.com\/manelfortia\" class=\"wp-block-social-link-anchor\"><svg width=\"24\" height=\"24\" viewBox=\"0 0 24 24\" version=\"1.1\" xmlns=\"http:\/\/www.w3.org\/2000\/svg\" aria-hidden=\"true\" focusable=\"false\"><path d=\"M12 2C6.5 2 2 6.5 2 12c0 5 3.7 9.1 8.4 9.9v-7H7.9V12h2.5V9.8c0-2.5 1.5-3.9 3.8-3.9 1.1 0 2.2.2 2.2.2v2.5h-1.3c-1.2 0-1.6.8-1.6 1.6V12h2.8l-.4 2.9h-2.3v7C18.3 21.1 22 17 22 12c0-5.5-4.5-10-10-10z\"><\/path><\/svg><span class=\"wp-block-social-link-label screen-reader-text\">Facebook<\/span><\/a><\/li>\n\n<li class=\"wp-social-link wp-social-link-instagram  wp-block-social-link\"><a href=\"https:\/\/www.instagram.com\/manelfortia\" class=\"wp-block-social-link-anchor\"><svg width=\"24\" height=\"24\" viewBox=\"0 0 24 24\" version=\"1.1\" xmlns=\"http:\/\/www.w3.org\/2000\/svg\" aria-hidden=\"true\" focusable=\"false\"><path d=\"M12,4.622c2.403,0,2.688,0.009,3.637,0.052c0.877,0.04,1.354,0.187,1.671,0.31c0.42,0.163,0.72,0.358,1.035,0.673 c0.315,0.315,0.51,0.615,0.673,1.035c0.123,0.317,0.27,0.794,0.31,1.671c0.043,0.949,0.052,1.234,0.052,3.637 s-0.009,2.688-0.052,3.637c-0.04,0.877-0.187,1.354-0.31,1.671c-0.163,0.42-0.358,0.72-0.673,1.035 c-0.315,0.315-0.615,0.51-1.035,0.673c-0.317,0.123-0.794,0.27-1.671,0.31c-0.949,0.043-1.233,0.052-3.637,0.052 s-2.688-0.009-3.637-0.052c-0.877-0.04-1.354-0.187-1.671-0.31c-0.42-0.163-0.72-0.358-1.035-0.673 c-0.315-0.315-0.51-0.615-0.673-1.035c-0.123-0.317-0.27-0.794-0.31-1.671C4.631,14.688,4.622,14.403,4.622,12 s0.009-2.688,0.052-3.637c0.04-0.877,0.187-1.354,0.31-1.671c0.163-0.42,0.358-0.72,0.673-1.035 c0.315-0.315,0.615-0.51,1.035-0.673c0.317-0.123,0.794-0.27,1.671-0.31C9.312,4.631,9.597,4.622,12,4.622 M12,3 C9.556,3,9.249,3.01,8.289,3.054C7.331,3.098,6.677,3.25,6.105,3.472C5.513,3.702,5.011,4.01,4.511,4.511 c-0.5,0.5-0.808,1.002-1.038,1.594C3.25,6.677,3.098,7.331,3.054,8.289C3.01,9.249,3,9.556,3,12c0,2.444,0.01,2.751,0.054,3.711 c0.044,0.958,0.196,1.612,0.418,2.185c0.23,0.592,0.538,1.094,1.038,1.594c0.5,0.5,1.002,0.808,1.594,1.038 c0.572,0.222,1.227,0.375,2.185,0.418C9.249,20.99,9.556,21,12,21s2.751-0.01,3.711-0.054c0.958-0.044,1.612-0.196,2.185-0.418 c0.592-0.23,1.094-0.538,1.594-1.038c0.5-0.5,0.808-1.002,1.038-1.594c0.222-0.572,0.375-1.227,0.418-2.185 C20.99,14.751,21,14.444,21,12s-0.01-2.751-0.054-3.711c-0.044-0.958-0.196-1.612-0.418-2.185c-0.23-0.592-0.538-1.094-1.038-1.594 c-0.5-0.5-1.002-0.808-1.594-1.038c-0.572-0.222-1.227-0.375-2.185-0.418C14.751,3.01,14.444,3,12,3L12,3z M12,7.378 c-2.552,0-4.622,2.069-4.622,4.622S9.448,16.622,12,16.622s4.622-2.069,4.622-4.622S14.552,7.378,12,7.378z M12,15 c-1.657,0-3-1.343-3-3s1.343-3,3-3s3,1.343,3,3S13.657,15,12,15z M16.804,6.116c-0.596,0-1.08,0.484-1.08,1.08 s0.484,1.08,1.08,1.08c0.596,0,1.08-0.484,1.08-1.08S17.401,6.116,16.804,6.116z\"><\/path><\/svg><span class=\"wp-block-social-link-label screen-reader-text\">Instagram<\/span><\/a><\/li>\n\n<li class=\"wp-social-link wp-social-link-twitter  wp-block-social-link\"><a href=\"https:\/\/www.twitter.com\/manelfortia\" class=\"wp-block-social-link-anchor\"><svg width=\"24\" height=\"24\" viewBox=\"0 0 24 24\" version=\"1.1\" xmlns=\"http:\/\/www.w3.org\/2000\/svg\" aria-hidden=\"true\" focusable=\"false\"><path d=\"M22.23,5.924c-0.736,0.326-1.527,0.547-2.357,0.646c0.847-0.508,1.498-1.312,1.804-2.27 c-0.793,0.47-1.671,0.812-2.606,0.996C18.324,4.498,17.257,4,16.077,4c-2.266,0-4.103,1.837-4.103,4.103 c0,0.322,0.036,0.635,0.106,0.935C8.67,8.867,5.647,7.234,3.623,4.751C3.27,5.357,3.067,6.062,3.067,6.814 c0,1.424,0.724,2.679,1.825,3.415c-0.673-0.021-1.305-0.206-1.859-0.513c0,0.017,0,0.034,0,0.052c0,1.988,1.414,3.647,3.292,4.023 c-0.344,0.094-0.707,0.144-1.081,0.144c-0.264,0-0.521-0.026-0.772-0.074c0.522,1.63,2.038,2.816,3.833,2.85 c-1.404,1.1-3.174,1.756-5.096,1.756c-0.331,0-0.658-0.019-0.979-0.057c1.816,1.164,3.973,1.843,6.29,1.843 c7.547,0,11.675-6.252,11.675-11.675c0-0.178-0.004-0.355-0.012-0.531C20.985,7.47,21.68,6.747,22.23,5.924z\"><\/path><\/svg><span class=\"wp-block-social-link-label screen-reader-text\">Twitter<\/span><\/a><\/li>\n\n<li class=\"wp-social-link wp-social-link-chain  wp-block-social-link\"><a href=\"https:\/\/www.manelfortia.com\" class=\"wp-block-social-link-anchor\"><svg width=\"24\" height=\"24\" viewBox=\"0 0 24 24\" version=\"1.1\" xmlns=\"http:\/\/www.w3.org\/2000\/svg\" aria-hidden=\"true\" focusable=\"false\"><path d=\"M15.6,7.2H14v1.5h1.6c2,0,3.7,1.7,3.7,3.7s-1.7,3.7-3.7,3.7H14v1.5h1.6c2.8,0,5.2-2.3,5.2-5.2,0-2.9-2.3-5.2-5.2-5.2zM4.7,12.4c0-2,1.7-3.7,3.7-3.7H10V7.2H8.4c-2.9,0-5.2,2.3-5.2,5.2,0,2.9,2.3,5.2,5.2,5.2H10v-1.5H8.4c-2,0-3.7-1.7-3.7-3.7zm4.6.9h5.3v-1.5H9.3v1.5z\"><\/path><\/svg><span class=\"wp-block-social-link-label screen-reader-text\">Link<\/span><\/a><\/li><\/ul>\n\n\n\n<p class=\"has-text-align-center\"><\/p>\n<\/div>\n\n\n\n<div class=\"wp-block-column is-layout-flow wp-block-column-is-layout-flow\">\n<p class=\"has-text-align-center\" style=\"font-size:18px\"><strong>Management &amp; Booking:<\/strong><\/p>\n\n\n\n<p class=\"has-text-align-center\">Toni Pino<\/p>\n\n\n\n<p class=\"has-text-align-center\">info@quimerasproducciones.com<\/p>\n<\/div>\n<\/div>\n<\/div><\/div>\n\n\n\n<p class=\"has-text-align-left\"><\/p>\n","protected":false},"excerpt":{"rendered":"<p>LIB\u00c9RICA, nuevo proyecto de Manel Forti\u00e0 (feat. Antonio Lizana) presenta ARRELS (Segell Microscopi, Diciembre 2021) Arrels hace una aproximaci\u00f3n a la m\u00fasica tradicional catalana desde un nuevo prisma fresco y<\/p>\n<p class=\"more-link\"><a href=\"https:\/\/manelfortia.com\/?p=2836&#038;lang=es\" class=\"readmore\">Seguir leyendo<svg class=\"icon icon-arrow-right\" aria-hidden=\"true\" role=\"img\"> <use href=\"#icon-arrow-right\" xlink:href=\"#icon-arrow-right\"><\/use> <\/svg><span class=\"screen-reader-text\">Lib\u00e9rica feat. Antonio Lizana: Arrels (NUEVO ALBUM)<\/span><\/a><\/p>\n","protected":false},"author":1,"featured_media":2850,"comment_status":"closed","ping_status":"open","sticky":false,"template":"templates\/right-sidebar.php","format":"aside","meta":{"footnotes":"","_vp_format_video_url":"","_vp_image_focal_point":[]},"categories":[7],"tags":[],"aioseo_notices":[],"_links":{"self":[{"href":"https:\/\/manelfortia.com\/index.php?rest_route=\/wp\/v2\/posts\/2836"}],"collection":[{"href":"https:\/\/manelfortia.com\/index.php?rest_route=\/wp\/v2\/posts"}],"about":[{"href":"https:\/\/manelfortia.com\/index.php?rest_route=\/wp\/v2\/types\/post"}],"author":[{"embeddable":true,"href":"https:\/\/manelfortia.com\/index.php?rest_route=\/wp\/v2\/users\/1"}],"replies":[{"embeddable":true,"href":"https:\/\/manelfortia.com\/index.php?rest_route=%2Fwp%2Fv2%2Fcomments&post=2836"}],"version-history":[{"count":2,"href":"https:\/\/manelfortia.com\/index.php?rest_route=\/wp\/v2\/posts\/2836\/revisions"}],"predecessor-version":[{"id":2872,"href":"https:\/\/manelfortia.com\/index.php?rest_route=\/wp\/v2\/posts\/2836\/revisions\/2872"}],"wp:featuredmedia":[{"embeddable":true,"href":"https:\/\/manelfortia.com\/index.php?rest_route=\/wp\/v2\/media\/2850"}],"wp:attachment":[{"href":"https:\/\/manelfortia.com\/index.php?rest_route=%2Fwp%2Fv2%2Fmedia&parent=2836"}],"wp:term":[{"taxonomy":"category","embeddable":true,"href":"https:\/\/manelfortia.com\/index.php?rest_route=%2Fwp%2Fv2%2Fcategories&post=2836"},{"taxonomy":"post_tag","embeddable":true,"href":"https:\/\/manelfortia.com\/index.php?rest_route=%2Fwp%2Fv2%2Ftags&post=2836"}],"curies":[{"name":"wp","href":"https:\/\/api.w.org\/{rel}","templated":true}]}}