{"id":2837,"date":"2021-11-19T22:36:52","date_gmt":"2021-11-19T21:36:52","guid":{"rendered":"https:\/\/manelfortia.com\/?p=2837"},"modified":"2021-11-25T00:28:19","modified_gmt":"2021-11-24T23:28:19","slug":"2837-2","status":"publish","type":"post","link":"https:\/\/manelfortia.com\/?p=2837&lang=ca","title":{"rendered":"Lib\u00e9rica feat. Antonio Lizana: Arrels (NOU ALBUM)"},"content":{"rendered":"\n<h4 class=\"has-text-align-left wp-block-heading\">LIB\u00c9RICA, nou projecte de Manel Forti\u00e0 (feat. Antonio Lizana) presenta ARRELS (Segell Microscopi, 02\/12\/21)<\/h4>\n\n\n\n<h6 class=\"has-text-align-left wp-block-heading\">Arrels fa una aproximaci\u00f3 a la m\u00fasica tradicional catalana des de un nou prisma fresc i regenerador, on el flamenc, el jazz i el folklore catal\u00e0 s\u2019agafen de la m\u00e0.<\/h6>\n\n\n\n<div class=\"wp-block-image\"><figure class=\"aligncenter size-large is-resized\"><img loading=\"lazy\" decoding=\"async\" src=\"https:\/\/manelfortia.com\/wp-content\/uploads\/2021\/11\/WhatsApp-Image-2021-11-16-at-16.11.28-1024x1024.jpeg\" alt=\"\" class=\"wp-image-2813\" width=\"347\" height=\"347\" srcset=\"https:\/\/manelfortia.com\/wp-content\/uploads\/2021\/11\/WhatsApp-Image-2021-11-16-at-16.11.28-1024x1024.jpeg 1024w, https:\/\/manelfortia.com\/wp-content\/uploads\/2021\/11\/WhatsApp-Image-2021-11-16-at-16.11.28-300x300.jpeg 300w, https:\/\/manelfortia.com\/wp-content\/uploads\/2021\/11\/WhatsApp-Image-2021-11-16-at-16.11.28-150x150.jpeg 150w, https:\/\/manelfortia.com\/wp-content\/uploads\/2021\/11\/WhatsApp-Image-2021-11-16-at-16.11.28-768x768.jpeg 768w, https:\/\/manelfortia.com\/wp-content\/uploads\/2021\/11\/WhatsApp-Image-2021-11-16-at-16.11.28-1536x1536.jpeg 1536w, https:\/\/manelfortia.com\/wp-content\/uploads\/2021\/11\/WhatsApp-Image-2021-11-16-at-16.11.28-640x640.jpeg 640w, https:\/\/manelfortia.com\/wp-content\/uploads\/2021\/11\/WhatsApp-Image-2021-11-16-at-16.11.28-500x500.jpeg 500w, https:\/\/manelfortia.com\/wp-content\/uploads\/2021\/11\/WhatsApp-Image-2021-11-16-at-16.11.28-800x800.jpeg 800w, https:\/\/manelfortia.com\/wp-content\/uploads\/2021\/11\/WhatsApp-Image-2021-11-16-at-16.11.28-1280x1280.jpeg 1280w, https:\/\/manelfortia.com\/wp-content\/uploads\/2021\/11\/WhatsApp-Image-2021-11-16-at-16.11.28-1920x1920.jpeg 1920w, https:\/\/manelfortia.com\/wp-content\/uploads\/2021\/11\/WhatsApp-Image-2021-11-16-at-16.11.28-960x960.jpeg 960w, https:\/\/manelfortia.com\/wp-content\/uploads\/2021\/11\/WhatsApp-Image-2021-11-16-at-16.11.28-140x140.jpeg 140w, https:\/\/manelfortia.com\/wp-content\/uploads\/2021\/11\/WhatsApp-Image-2021-11-16-at-16.11.28-50x50.jpeg 50w, https:\/\/manelfortia.com\/wp-content\/uploads\/2021\/11\/WhatsApp-Image-2021-11-16-at-16.11.28-666x666.jpeg 666w, https:\/\/manelfortia.com\/wp-content\/uploads\/2021\/11\/WhatsApp-Image-2021-11-16-at-16.11.28-80x80.jpeg 80w, https:\/\/manelfortia.com\/wp-content\/uploads\/2021\/11\/WhatsApp-Image-2021-11-16-at-16.11.28.jpeg 2048w\" sizes=\"(max-width: 347px) 100vw, 347px\" \/><\/figure><\/div>\n\n\n\n<p>Arrels (Segell Microscopi, 2021) \u00e9s el primer treball de Lib\u00e9rica, aquest nou projecte liderat pel contrabaixista cassanenc Manel Forti\u00e0, que despr\u00e9s d\u2019una temporada visquent a Nova York i havent tocat amb grans icones del jazz com Dave Liebman, Eliot Zigmund, Ari Hoenig, Chris Cheek&#8230; decideix tornar a casa i endinsar-se en el repertori tradicional catal\u00e0 sense desprendre\u2019s de l\u2019efervec\u00e8ncia musical de la meca del jazz, on la seva multiculturalitat sempre ha propiciat a que es fusionin diferents estils per crear-ne de nous. Amb aquesta filosofia, Lib\u00e9rica busca punts en com\u00fa entre la can\u00e7\u00f3 tradicional catalana i el flamenc utilitzant el jazz lliure com a vehicle conductor. La renovaci\u00f3 i actualitzaci\u00f3 del folklore \u00e9s necess\u00e0ri i l\u2019ajuda a qu\u00e8 aquest segueixi viu. \u00c9s per aix\u00f2 que la Fira Mediterr\u00e0nia de Manresa va apostar per aquest projecte el passat octubre programant-lo com un dels plats forts del festival.<\/p>\n\n\n\n<p>Es tracta d\u2019un disc que revisita grans est\u00e0ndards de la can\u00e7\u00f3 tradicional catalana com s\u00f3n La Dama d\u2019Arag\u00f3, El Cant Dels Ocells o Els Tres Tambors en clau de flamenc i de jazz, mesclant les seves lletres amb cantes tradicionals que parlen de les mateixes tem\u00e0tiques per\u00f2 amb altres paraules. Les veus del catal\u00e0 Pere Mart\u00ednez i del gadit\u00e0 Antonio Lizana representen aquests dos m\u00f3ns coexistents dins la Peninsula que es troben a Lib\u00e9rica d\u2019una manera org\u00e0nica i lliure gr\u00e0cies al jazz, que es podria dir que s\u2019ha convertit en una m\u00fasica integradora i en un llenguatge universal durant les darreres d\u00e8cades.<\/p>\n\n\n\n<p>L\u2019elecci\u00f3 de Manel Forti\u00e0 pel repertori tradicional en el disc Arrels \u00e9s fruit de la nost\u00e0lgia viscuda els darrers anys als Estats Units. D\u2019alguna manera all\u00e0 se li desperta la necessitat de buscar a les seves arrels musicals i comen\u00e7a a incorporar al seu repertori alguns himnes catalans com \u201cEl Cant dels Ocells\u201d, el qual tamb\u00e9 versiona amb sonoritats flamenques juntament amb la cantant Magal\u00ed Sare. All\u00e0 \u00e9s quan sorgeixen les seves ganes de seguir experimentant en aquesta direcci\u00f3. Tamb\u00e9 durant aquella \u00e8poca coneix al llegendari pianista Chano Dominguez, un clar referent en el flamenc-jazz i amb qui ara treballa de forma regular. \u00c9s ell un dels m\u00fasics que m\u00e9s l\u2019inspira i li fa cr\u00e9ixer la seva passi\u00f3 per aquest g\u00e8nere, que ja havia despertat el seu mentor Javier Colina en la seva \u00e8poca d\u2019estudiant al Taller de M\u00fasics.<\/p>\n\n\n\n<p>La formaci\u00f3 Lib\u00e9rica, a part de tenir la col\u00b7laboraci\u00f3 estelar del saxofonista i cantaor gadit\u00e0 Antonio Lizana, un m\u00fasic excepcional amb llarga traject\u00f2ria internacional i que s\u2019ha consolidat com un referent en el seu estil, tamb\u00e9 compta amb dos dels nous valors del flamenc-jazz fet a Catalunya com s\u00f3n el cantant Pere Martinez i el pianista Max Villavecchia&nbsp; de \u201cLos Aurora\u201d.A m\u00e9s a m\u00e9s ens trobem amb la colaboraci\u00f3 internacional d\u2019una de les noves revelacions dins del jazz modern Europeu, el bateria franc\u00e8s Raphael Pannier (Miguel Zen\u00f3n, Aaron Goldberg\u2026), resident entre Par\u00eds i Nova York.&nbsp;<\/p>\n\n\n\n<p>\u201cEn una societat on cada cop ens trobem amb m\u00e9s normes que ens atrapen i controlen, la m\u00fasica \u00e9s dels pocs espais on encara podem ser lliures. Aquest \u00e9s un dels motius pel qual neix Lib\u00e9rica, per ajudar-nos a conectar amb les nostres arrels des de l\u2019aire i fer-nos una mica m\u00e9s feli\u00e7os cada dia.\u201d (M. Forti\u00e0)<\/p>\n\n\n\n<p>*Lib\u00e9rica \u00e9s una coproducci\u00f3 de Manel Forti\u00e0, La Marf\u00e0 Centre de Creaci\u00f3 i l\u2019Auditori de Girona.<\/p>\n\n\n\n<h5 class=\"wp-block-heading\">LES CAN\u00c7ONS:<\/h5>\n\n\n\n<p>El disc obre amb La Dama d\u2019Arag\u00f3, en un arranjament molt rod\u00f3 on es mesclen Fandango de Huelva i Seguiriya. Despr\u00e9s de la presentaci\u00f3 del tema trobem un cante de l\u2019Antonio que posa la pell de gallina tot desencadenant en un explosiu solo de saxo amb alguna picada d\u2019ullet al mestre Paco de Lucia.<\/p>\n\n\n\n<p>A continuaci\u00f3 trobem El Cant dels Ocells, aquest arranjament ja esmentat per Sole\u00e1 por Buler\u00edas, cantat excepcionalment pel Pere que ens porta de forma natural cap a un sentit solo de contrabaix. Despr\u00e9s d\u2019un cante tradicional de l\u2019Antonio per Sole\u00e1 por Buler\u00edas, la \u00faltima melodia ens fa aterrar en una coda energ\u00e8tica per Buler\u00edas on el saxo torna a brillar amb intensitat.<\/p>\n\n\n\n<p>Seguidament d\u2019una magn\u00edfica introducci\u00f3 de bateria (o de tambors) del Raphael, comen\u00e7a un arranjament molt original d\u2019Els 3 Tambors el qual comen\u00e7a per Tanguillos de Cadiz, on el piano molt r\u00edtmic i juganer ens recorda al mestre Keith Jarrett en els seus concerts a piano sol. La veu relaxada i suau del Pere ens fa car\u00edcies a les orelles mentres ens va introduint la can\u00e7\u00f3. Seguint amb la tem\u00e0tica amorosa de la lletra, l\u2019Antonio ens recorda al gran Camar\u00f3n en un sentit i profund cante que ens porta cap als solos. Potser \u00e9s l\u2019arranjament m\u00e9s elaborat del disc, ja que ens porta per un viatge sonor i estil\u00edstic tot jugant amb el motiu de la melodia i canviant-l\u2019ho de car\u00e0cter constantment.<\/p>\n\n\n\n<p>Tot seguit ens trobem en el moment m\u00e9s dram\u00e0tic del disc, on una seguiriya carcelera ens introdueix la melodia de La Pres\u00f3 de Lleida nom\u00e9s acompanyada per un yunque (simulant els barrots de la pres\u00f3) i per un redoble de caixa com si es tract\u00e9s d\u2019una Saeta. Mica en mica va avan\u00e7ant la hist\u00f2ria fins que arriba el cante carcelero de l\u2019Antonio tot representant el dolor dels presos. Despr\u00e9s d\u2019un magn\u00edfic solo compartit entre piano i saxo arribem al final de la hist\u00f2ria que ens torna al clima dram\u00e0tic de l\u2019inici despr\u00e9s que el compte diu a la filla que executar\u00e0 a tots els presos.<\/p>\n\n\n\n<p>Ja en la recta final, despr\u00e9s d\u2019aquest final solemne, ens trobem amb una alegre introducci\u00f3 de contrabaix molt ben executada on en Manel juga amb la melodia de l\u2019havanera La Bella Lola amb ritme de guajira flamenca. Trobem per tant una connexi\u00f3 entre les havaneres catalanes i les guajiras flamenques, dos estils que ens connecten amb Cuba des de diferents punts de vista i tradicions.<\/p>\n\n\n\n<p>Aquesta introducci\u00f3 ens porta cap a una altra havanera de Nicolau Guanyabens, La Calma de la Mar, que servir\u00e0 per concloure el disc. Potser la versi\u00f3 m\u00e9s din\u00e0mica i amb una sonoritat m\u00e9s jazzy del disc amb algun toc de fandango swingat. La veu d\u2019en Pere brilla amb aquesta melodia tan bonica molt ben recolzada per tota la banda que demostra tenir molt bona entesa i solidesa en la manera que la pe\u00e7a va creixent. En el punt \u00e0lgid, despr\u00e9s d\u2019un bonic solo compartit entre el contrabaix i el piano, apareix l\u2019Antonio amb un cante per Fandangos que parla de la mar i les tempestes, per acabar amb la tornada que a poc a poc torna a baixar la intensitat i acaba amb la calma que ha comen\u00e7at. Un bon final per un disc amb molts colors diferents per\u00f2 amb un fil conductor molt clar.<\/p>\n\n\n\n<h5 class=\"wp-block-heading\">ELS COMPONENTS:<\/h5>\n\n\n\n<div class=\"wp-block-image\"><figure class=\"aligncenter size-large\"><img loading=\"lazy\" decoding=\"async\" width=\"1024\" height=\"683\" src=\"https:\/\/manelfortia.com\/wp-content\/uploads\/2021\/11\/LOW_LIBE\u0301RICA_MEDITERRA\u0300NIA_TXUS-GARCIA_IMG_7734-1024x683.jpg\" alt=\"\" class=\"wp-image-2833\" srcset=\"https:\/\/manelfortia.com\/wp-content\/uploads\/2021\/11\/LOW_LIBE\u0301RICA_MEDITERRA\u0300NIA_TXUS-GARCIA_IMG_7734-1024x683.jpg 1024w, https:\/\/manelfortia.com\/wp-content\/uploads\/2021\/11\/LOW_LIBE\u0301RICA_MEDITERRA\u0300NIA_TXUS-GARCIA_IMG_7734-300x200.jpg 300w, https:\/\/manelfortia.com\/wp-content\/uploads\/2021\/11\/LOW_LIBE\u0301RICA_MEDITERRA\u0300NIA_TXUS-GARCIA_IMG_7734-768x512.jpg 768w, https:\/\/manelfortia.com\/wp-content\/uploads\/2021\/11\/LOW_LIBE\u0301RICA_MEDITERRA\u0300NIA_TXUS-GARCIA_IMG_7734-1536x1024.jpg 1536w, https:\/\/manelfortia.com\/wp-content\/uploads\/2021\/11\/LOW_LIBE\u0301RICA_MEDITERRA\u0300NIA_TXUS-GARCIA_IMG_7734-500x333.jpg 500w, https:\/\/manelfortia.com\/wp-content\/uploads\/2021\/11\/LOW_LIBE\u0301RICA_MEDITERRA\u0300NIA_TXUS-GARCIA_IMG_7734-800x533.jpg 800w, https:\/\/manelfortia.com\/wp-content\/uploads\/2021\/11\/LOW_LIBE\u0301RICA_MEDITERRA\u0300NIA_TXUS-GARCIA_IMG_7734-1280x853.jpg 1280w, https:\/\/manelfortia.com\/wp-content\/uploads\/2021\/11\/LOW_LIBE\u0301RICA_MEDITERRA\u0300NIA_TXUS-GARCIA_IMG_7734.jpg 1800w\" sizes=\"(max-width: 1024px) 100vw, 1024px\" \/><\/figure><\/div>\n\n\n\n<p><\/p>\n\n\n\n<p>Antonio Lizana sens dubte \u00e9s un dels nous valors del flamenc-jazz actual. Nascut a San Fernando (C\u00e1diz), la seva solidesa i brillantor com a saxofonista i cantaor el fa un m\u00fasic excepcional i \u00fanic, amb un control impressionant dels dos llenguatges i una personalitat pr\u00f2pia. Ha col\u00b7laborat amb artistes com Arturo O&#8217;Farrill i Alejandro Sanz en obres que van rebre premis Grammy; tamb\u00e9 amb Snarky Puppy, Marcus Miller, Chano Dom\u00ednguez, Alfredo Rodr\u00edguez, Ari Hoenig, Jorge Drexler, \u00cdndia Mart\u00ednez, Jorge Pardo, Shai Mestre, Chambao, Jos\u00e9 Merc\u00e9, Josemi Carmona, Carmen Linares, Pepe Habichuela&#8230;<\/p>\n\n\n\n<p>Pere Mart\u00ednez, sorgit del planter del Taller de M\u00fasics, \u00e9s un dels joves valors del flamenc de casa nostra amb m\u00e9s projecci\u00f3. Nascut a Sant Cugat, \u00e9s coneixedor de la tradici\u00f3 i del cant flamenc cl\u00e0ssic, per\u00f2 tamb\u00e9 ha donat veu a treballs d&#8217;altres g\u00e8neres musicals com; la m\u00fasica cl\u00e0ssica contempor\u00e0nia, la can\u00e7\u00f3 flamenca o la can\u00e7\u00f3 catalana. R\u00e8quiem a Enrique Morente, Aurora o Tants Records s\u00f3n alguns dels treballs m\u00e9s reconeguts d&#8217;aquest cantaor que, amb la seva manera d&#8217;entendre el cant, es va obrint cam\u00ed en el panorama musical.<\/p>\n\n\n\n<p>Max Villavecchia \u00e9s un dels pianistes i compositors de la nova generaci\u00f3 amb m\u00e9s personalitat i versatilitat. Nascut a Barcelona i format al Taller de M\u00fasics i al Conservatori Van Amsterdam, sempre ha estat molt actiu participant en multitud de projectes ben diversos, dels quals en podem destacar \u201cLos Aurora\u201d on \u00e9s tamb\u00e9 un dels principals compositors. Compagina diferents aventures musicals que fan del jove pianista un m\u00fasic amb car\u00e0cter transversal: jazz, flamenc, fusi\u00f3, folklore, can\u00e7\u00f3 d&#8217;autor i lliure improvisaci\u00f3 s\u00f3n estils que conviuen a l&#8217;univers sonor de l&#8217;artista<\/p>\n\n\n\n<p>Raphael Pannier s\u2019ha consagrat com un dels nous valors del jazz europeu. Nascut a Paris i havent viscut gran part de la seva vida a Boston i Nova York, torna a Fran\u00e7a amb el seu disc debut \u201cFaune\u201d (French Paradox, 2020), el qual t\u00e9 enormes reconeixements i premis de la premsa internacional com Downbeat, NPR, Jazztimes\u2026 Ha tocat amb m\u00fasics de la talla de Miguel Zen\u00f3n, Aaron Goldberg, Steve Wilson, Bob James, Lee Ritenour\u2026 havent fet gires per tot el m\u00f3n tot i convertint-se en un dels m\u00fasics francesos m\u00e9s prometedors dels \u00faltims temps.<\/p>\n\n\n\n<h5 class=\"wp-block-heading\">VIDEOS:<\/h5>\n\n\n\n<ul><li> La Dama d\u2019Arag\u00f3 (Fandango-Jazz\/Seguiriya):<\/li><\/ul>\n\n\n\n<figure class=\"wp-block-embed is-type-video is-provider-youtube wp-block-embed-youtube wp-embed-aspect-16-9 wp-has-aspect-ratio\"><div class=\"wp-block-embed__wrapper\">\n<iframe loading=\"lazy\" title=\"La Dama d&#039;Arag\u00f3 - Manel Forti\u00e0 LIB\u00c9RICA (feat. Antonio Lizana)\" width=\"920\" height=\"518\" src=\"https:\/\/www.youtube.com\/embed\/hqFsdKYQM0o?feature=oembed\" frameborder=\"0\" allow=\"accelerometer; autoplay; clipboard-write; encrypted-media; gyroscope; picture-in-picture\" allowfullscreen><\/iframe>\n<\/div><\/figure>\n\n\n\n<ul><li> El Cant dels Ocells (Sole\u00e1 por Buler\u00edas):<\/li><\/ul>\n\n\n\n<figure class=\"wp-block-embed is-type-video is-provider-youtube wp-block-embed-youtube wp-embed-aspect-16-9 wp-has-aspect-ratio\"><div class=\"wp-block-embed__wrapper\">\n<iframe loading=\"lazy\" title=\"El Cant dels Ocells - Manel Forti\u00e0 LIB\u00c9RICA (feat. Antonio Lizana)\" width=\"920\" height=\"518\" src=\"https:\/\/www.youtube.com\/embed\/DSwg6im1hrg?feature=oembed\" frameborder=\"0\" allow=\"accelerometer; autoplay; clipboard-write; encrypted-media; gyroscope; picture-in-picture\" allowfullscreen><\/iframe>\n<\/div><\/figure>\n\n\n\n<div class=\"wp-block-group is-layout-flow wp-block-group-is-layout-flow\"><div class=\"wp-block-group__inner-container\">\n<div class=\"wp-block-columns is-layout-flex wp-container-core-columns-layout-1 wp-block-columns-is-layout-flex\">\n<div class=\"wp-block-column is-layout-flow wp-block-column-is-layout-flow\">\n<p class=\"has-text-align-center\" style=\"font-size:18px\"><strong>M\u00e9s informaci\u00f3:<\/strong><\/p>\n\n\n\n<ul class=\"wp-block-social-links aligncenter is-layout-flex wp-block-social-links-is-layout-flex\"><li class=\"wp-social-link wp-social-link-facebook  wp-block-social-link\"><a href=\"https:\/\/www.facebook.com\/manelfortia\" class=\"wp-block-social-link-anchor\"><svg width=\"24\" height=\"24\" viewBox=\"0 0 24 24\" version=\"1.1\" xmlns=\"http:\/\/www.w3.org\/2000\/svg\" aria-hidden=\"true\" focusable=\"false\"><path d=\"M12 2C6.5 2 2 6.5 2 12c0 5 3.7 9.1 8.4 9.9v-7H7.9V12h2.5V9.8c0-2.5 1.5-3.9 3.8-3.9 1.1 0 2.2.2 2.2.2v2.5h-1.3c-1.2 0-1.6.8-1.6 1.6V12h2.8l-.4 2.9h-2.3v7C18.3 21.1 22 17 22 12c0-5.5-4.5-10-10-10z\"><\/path><\/svg><span class=\"wp-block-social-link-label screen-reader-text\">Facebook<\/span><\/a><\/li>\n\n<li class=\"wp-social-link wp-social-link-instagram  wp-block-social-link\"><a href=\"https:\/\/www.instagram.com\/manelfortia\" class=\"wp-block-social-link-anchor\"><svg width=\"24\" height=\"24\" viewBox=\"0 0 24 24\" version=\"1.1\" xmlns=\"http:\/\/www.w3.org\/2000\/svg\" aria-hidden=\"true\" focusable=\"false\"><path d=\"M12,4.622c2.403,0,2.688,0.009,3.637,0.052c0.877,0.04,1.354,0.187,1.671,0.31c0.42,0.163,0.72,0.358,1.035,0.673 c0.315,0.315,0.51,0.615,0.673,1.035c0.123,0.317,0.27,0.794,0.31,1.671c0.043,0.949,0.052,1.234,0.052,3.637 s-0.009,2.688-0.052,3.637c-0.04,0.877-0.187,1.354-0.31,1.671c-0.163,0.42-0.358,0.72-0.673,1.035 c-0.315,0.315-0.615,0.51-1.035,0.673c-0.317,0.123-0.794,0.27-1.671,0.31c-0.949,0.043-1.233,0.052-3.637,0.052 s-2.688-0.009-3.637-0.052c-0.877-0.04-1.354-0.187-1.671-0.31c-0.42-0.163-0.72-0.358-1.035-0.673 c-0.315-0.315-0.51-0.615-0.673-1.035c-0.123-0.317-0.27-0.794-0.31-1.671C4.631,14.688,4.622,14.403,4.622,12 s0.009-2.688,0.052-3.637c0.04-0.877,0.187-1.354,0.31-1.671c0.163-0.42,0.358-0.72,0.673-1.035 c0.315-0.315,0.615-0.51,1.035-0.673c0.317-0.123,0.794-0.27,1.671-0.31C9.312,4.631,9.597,4.622,12,4.622 M12,3 C9.556,3,9.249,3.01,8.289,3.054C7.331,3.098,6.677,3.25,6.105,3.472C5.513,3.702,5.011,4.01,4.511,4.511 c-0.5,0.5-0.808,1.002-1.038,1.594C3.25,6.677,3.098,7.331,3.054,8.289C3.01,9.249,3,9.556,3,12c0,2.444,0.01,2.751,0.054,3.711 c0.044,0.958,0.196,1.612,0.418,2.185c0.23,0.592,0.538,1.094,1.038,1.594c0.5,0.5,1.002,0.808,1.594,1.038 c0.572,0.222,1.227,0.375,2.185,0.418C9.249,20.99,9.556,21,12,21s2.751-0.01,3.711-0.054c0.958-0.044,1.612-0.196,2.185-0.418 c0.592-0.23,1.094-0.538,1.594-1.038c0.5-0.5,0.808-1.002,1.038-1.594c0.222-0.572,0.375-1.227,0.418-2.185 C20.99,14.751,21,14.444,21,12s-0.01-2.751-0.054-3.711c-0.044-0.958-0.196-1.612-0.418-2.185c-0.23-0.592-0.538-1.094-1.038-1.594 c-0.5-0.5-1.002-0.808-1.594-1.038c-0.572-0.222-1.227-0.375-2.185-0.418C14.751,3.01,14.444,3,12,3L12,3z M12,7.378 c-2.552,0-4.622,2.069-4.622,4.622S9.448,16.622,12,16.622s4.622-2.069,4.622-4.622S14.552,7.378,12,7.378z M12,15 c-1.657,0-3-1.343-3-3s1.343-3,3-3s3,1.343,3,3S13.657,15,12,15z M16.804,6.116c-0.596,0-1.08,0.484-1.08,1.08 s0.484,1.08,1.08,1.08c0.596,0,1.08-0.484,1.08-1.08S17.401,6.116,16.804,6.116z\"><\/path><\/svg><span class=\"wp-block-social-link-label screen-reader-text\">Instagram<\/span><\/a><\/li>\n\n<li class=\"wp-social-link wp-social-link-twitter  wp-block-social-link\"><a href=\"https:\/\/www.twitter.com\/manelfortia\" class=\"wp-block-social-link-anchor\"><svg width=\"24\" height=\"24\" viewBox=\"0 0 24 24\" version=\"1.1\" xmlns=\"http:\/\/www.w3.org\/2000\/svg\" aria-hidden=\"true\" focusable=\"false\"><path d=\"M22.23,5.924c-0.736,0.326-1.527,0.547-2.357,0.646c0.847-0.508,1.498-1.312,1.804-2.27 c-0.793,0.47-1.671,0.812-2.606,0.996C18.324,4.498,17.257,4,16.077,4c-2.266,0-4.103,1.837-4.103,4.103 c0,0.322,0.036,0.635,0.106,0.935C8.67,8.867,5.647,7.234,3.623,4.751C3.27,5.357,3.067,6.062,3.067,6.814 c0,1.424,0.724,2.679,1.825,3.415c-0.673-0.021-1.305-0.206-1.859-0.513c0,0.017,0,0.034,0,0.052c0,1.988,1.414,3.647,3.292,4.023 c-0.344,0.094-0.707,0.144-1.081,0.144c-0.264,0-0.521-0.026-0.772-0.074c0.522,1.63,2.038,2.816,3.833,2.85 c-1.404,1.1-3.174,1.756-5.096,1.756c-0.331,0-0.658-0.019-0.979-0.057c1.816,1.164,3.973,1.843,6.29,1.843 c7.547,0,11.675-6.252,11.675-11.675c0-0.178-0.004-0.355-0.012-0.531C20.985,7.47,21.68,6.747,22.23,5.924z\"><\/path><\/svg><span class=\"wp-block-social-link-label screen-reader-text\">Twitter<\/span><\/a><\/li>\n\n<li class=\"wp-social-link wp-social-link-chain  wp-block-social-link\"><a href=\"https:\/\/www.manelfortia.com\" class=\"wp-block-social-link-anchor\"><svg width=\"24\" height=\"24\" viewBox=\"0 0 24 24\" version=\"1.1\" xmlns=\"http:\/\/www.w3.org\/2000\/svg\" aria-hidden=\"true\" focusable=\"false\"><path d=\"M15.6,7.2H14v1.5h1.6c2,0,3.7,1.7,3.7,3.7s-1.7,3.7-3.7,3.7H14v1.5h1.6c2.8,0,5.2-2.3,5.2-5.2,0-2.9-2.3-5.2-5.2-5.2zM4.7,12.4c0-2,1.7-3.7,3.7-3.7H10V7.2H8.4c-2.9,0-5.2,2.3-5.2,5.2,0,2.9,2.3,5.2,5.2,5.2H10v-1.5H8.4c-2,0-3.7-1.7-3.7-3.7zm4.6.9h5.3v-1.5H9.3v1.5z\"><\/path><\/svg><span class=\"wp-block-social-link-label screen-reader-text\">Link<\/span><\/a><\/li><\/ul>\n\n\n\n<p class=\"has-text-align-center\"><\/p>\n<\/div>\n\n\n\n<div class=\"wp-block-column is-layout-flow wp-block-column-is-layout-flow\">\n<p class=\"has-text-align-center\" style=\"font-size:18px\"><strong>Management &amp; Booking:<\/strong><\/p>\n\n\n\n<p class=\"has-text-align-center\">Toni Pino<\/p>\n\n\n\n<p class=\"has-text-align-center\">info@quimerasproducciones.com<\/p>\n<\/div>\n<\/div>\n<\/div><\/div>\n\n\n\n<p class=\"has-text-align-left\"><\/p>\n","protected":false},"excerpt":{"rendered":"<p>LIB\u00c9RICA, nou projecte de Manel Forti\u00e0 (feat. Antonio Lizana) presenta ARRELS (Segell Microscopi, 02\/12\/21) Arrels fa una aproximaci\u00f3 a la m\u00fasica tradicional catalana des de un nou prisma fresc i<\/p>\n<p class=\"more-link\"><a href=\"https:\/\/manelfortia.com\/?p=2837&#038;lang=ca\" class=\"readmore\">Seguir leyendo<svg class=\"icon icon-arrow-right\" aria-hidden=\"true\" role=\"img\"> <use href=\"#icon-arrow-right\" xlink:href=\"#icon-arrow-right\"><\/use> <\/svg><span class=\"screen-reader-text\">Lib\u00e9rica feat. Antonio Lizana: Arrels (NOU ALBUM)<\/span><\/a><\/p>\n","protected":false},"author":1,"featured_media":2848,"comment_status":"closed","ping_status":"open","sticky":false,"template":"templates\/right-sidebar.php","format":"aside","meta":{"footnotes":"","_vp_format_video_url":"","_vp_image_focal_point":[]},"categories":[11],"tags":[],"aioseo_notices":[],"_links":{"self":[{"href":"https:\/\/manelfortia.com\/index.php?rest_route=\/wp\/v2\/posts\/2837"}],"collection":[{"href":"https:\/\/manelfortia.com\/index.php?rest_route=\/wp\/v2\/posts"}],"about":[{"href":"https:\/\/manelfortia.com\/index.php?rest_route=\/wp\/v2\/types\/post"}],"author":[{"embeddable":true,"href":"https:\/\/manelfortia.com\/index.php?rest_route=\/wp\/v2\/users\/1"}],"replies":[{"embeddable":true,"href":"https:\/\/manelfortia.com\/index.php?rest_route=%2Fwp%2Fv2%2Fcomments&post=2837"}],"version-history":[{"count":3,"href":"https:\/\/manelfortia.com\/index.php?rest_route=\/wp\/v2\/posts\/2837\/revisions"}],"predecessor-version":[{"id":2874,"href":"https:\/\/manelfortia.com\/index.php?rest_route=\/wp\/v2\/posts\/2837\/revisions\/2874"}],"wp:featuredmedia":[{"embeddable":true,"href":"https:\/\/manelfortia.com\/index.php?rest_route=\/wp\/v2\/media\/2848"}],"wp:attachment":[{"href":"https:\/\/manelfortia.com\/index.php?rest_route=%2Fwp%2Fv2%2Fmedia&parent=2837"}],"wp:term":[{"taxonomy":"category","embeddable":true,"href":"https:\/\/manelfortia.com\/index.php?rest_route=%2Fwp%2Fv2%2Fcategories&post=2837"},{"taxonomy":"post_tag","embeddable":true,"href":"https:\/\/manelfortia.com\/index.php?rest_route=%2Fwp%2Fv2%2Ftags&post=2837"}],"curies":[{"name":"wp","href":"https:\/\/api.w.org\/{rel}","templated":true}]}}