{"id":2905,"date":"2022-01-10T11:54:38","date_gmt":"2022-01-10T10:54:38","guid":{"rendered":"https:\/\/manelfortia.com\/?p=2905"},"modified":"2022-09-12T00:23:11","modified_gmt":"2022-09-11T22:23:11","slug":"manel-fortia-trio-despertar-new-album-release-21-04-2022-2","status":"publish","type":"post","link":"https:\/\/manelfortia.com\/?p=2905&lang=es","title":{"rendered":"Manel Forti\u00e0 Trio &#8211; Despertar (NEW ALBUM release 12\/05\/2022)"},"content":{"rendered":"\n<figure class=\"wp-block-image size-large\"><img loading=\"lazy\" decoding=\"async\" width=\"1024\" height=\"1024\" src=\"https:\/\/manelfortia.com\/wp-content\/uploads\/2022\/01\/DESPERTAR_digitalcover-1024x1024.jpg\" alt=\"\" class=\"wp-image-3308\" srcset=\"https:\/\/manelfortia.com\/wp-content\/uploads\/2022\/01\/DESPERTAR_digitalcover-1024x1024.jpg 1024w, https:\/\/manelfortia.com\/wp-content\/uploads\/2022\/01\/DESPERTAR_digitalcover-300x300.jpg 300w, https:\/\/manelfortia.com\/wp-content\/uploads\/2022\/01\/DESPERTAR_digitalcover-150x150.jpg 150w, https:\/\/manelfortia.com\/wp-content\/uploads\/2022\/01\/DESPERTAR_digitalcover-768x768.jpg 768w, https:\/\/manelfortia.com\/wp-content\/uploads\/2022\/01\/DESPERTAR_digitalcover-640x640.jpg 640w, https:\/\/manelfortia.com\/wp-content\/uploads\/2022\/01\/DESPERTAR_digitalcover-500x500.jpg 500w, https:\/\/manelfortia.com\/wp-content\/uploads\/2022\/01\/DESPERTAR_digitalcover-800x800.jpg 800w, https:\/\/manelfortia.com\/wp-content\/uploads\/2022\/01\/DESPERTAR_digitalcover-1280x1280.jpg 1280w, https:\/\/manelfortia.com\/wp-content\/uploads\/2022\/01\/DESPERTAR_digitalcover-960x960.jpg 960w, https:\/\/manelfortia.com\/wp-content\/uploads\/2022\/01\/DESPERTAR_digitalcover-140x140.jpg 140w, https:\/\/manelfortia.com\/wp-content\/uploads\/2022\/01\/DESPERTAR_digitalcover-50x50.jpg 50w, https:\/\/manelfortia.com\/wp-content\/uploads\/2022\/01\/DESPERTAR_digitalcover-666x666.jpg 666w, https:\/\/manelfortia.com\/wp-content\/uploads\/2022\/01\/DESPERTAR_digitalcover-80x80.jpg 80w, https:\/\/manelfortia.com\/wp-content\/uploads\/2022\/01\/DESPERTAR_digitalcover.jpg 1500w\" sizes=\"(max-width: 1024px) 100vw, 1024px\" \/><\/figure>\n\n\n\n<p>El contrabajista catal\u00e1n Manel Forti\u00e0 muestra todo su talento compositivo e int\u00e9rpretativo en su nuevo \u00e1lbum en tr\u00edo \u00abDespertar\u00bb (que saldr\u00e1 el 12 de mayo de 2022 a trav\u00e9s de Segell Microscopi \/ Altafonte Distribution), un reflejo equilibrado de dos tradiciones: sus ra\u00edces mediterr\u00e1neas y espa\u00f1olas con los ritmos del jazz moderno de Nueva York.<\/p>\n\n\n\n<p>\u00ab<em>Este \u00e1lbum es muy importante para m\u00ed porque refleja uno de los momentos m\u00e1s trascendentes de mi vida art\u00edstica, cuando viv\u00eda en Nueva York. Siento que esta experiencia cambi\u00f3 mi vida y creo que all\u00ed he crecido mucho. Adem\u00e1s es la primera vez que grabo un disco completo con todas mis composiciones y puedo compartir eso con dos de mis m\u00fasicos favoritos con los que tengo una gran conexi\u00f3n personal y musicalmente, es como un sue\u00f1o\u00bb<\/em>. M. F. <\/p>\n\n\n\n<p>El t\u00edtulo espa\u00f1ol \u00abDespertar\u00bb hace referencia a la \u00faltima melod\u00eda del \u00e1lbum. Por el contrario, el primero se llama \u00abDormir\u00bb. Es f\u00e1cil deducir que entre estas pistas estamos dentro en un sue\u00f1o que sucede en Nueva York a trav\u00e9s de experiencias, viajando a diferentes lugares y momentos de una forma muy imaginativa que trae consigo la cultura mediterr\u00e1nea.<\/p>\n\n\n\n<p class=\"has-text-align-center\"><strong>Marco Mezquida:<\/strong> piano<\/p>\n\n\n\n<p class=\"has-text-align-center\"><strong>Manel Forti\u00e0:<\/strong> contrabajo<\/p>\n\n\n\n<p class=\"has-text-align-center\"><strong>Rapha\u00ebl Pannier: <\/strong>drums<\/p>\n\n\n\n<figure class=\"wp-block-embed is-type-video is-provider-youtube wp-block-embed-youtube wp-embed-aspect-16-9 wp-has-aspect-ratio\"><div class=\"wp-block-embed__wrapper\">\n<iframe loading=\"lazy\" title=\"Manel Fortia Trio - New Album &#039;Despertar&#039; 2022 TEASER (feat. Marco Mezquida &amp; Raphael Pannier)\" width=\"920\" height=\"518\" src=\"https:\/\/www.youtube.com\/embed\/KSZ1YiEcfNE?feature=oembed\" frameborder=\"0\" allow=\"accelerometer; autoplay; clipboard-write; encrypted-media; gyroscope; picture-in-picture\" allowfullscreen><\/iframe>\n<\/div><\/figure>\n\n\n\n<p>Mas informaci\u00f3n en www.manelfortia.com!<\/p>\n","protected":false},"excerpt":{"rendered":"<p>El contrabajista catal\u00e1n Manel Forti\u00e0 muestra todo su talento compositivo e int\u00e9rpretativo en su nuevo \u00e1lbum en tr\u00edo \u00abDespertar\u00bb (que saldr\u00e1 el 12 de mayo de 2022 a trav\u00e9s de<\/p>\n<p class=\"more-link\"><a href=\"https:\/\/manelfortia.com\/?p=2905&#038;lang=es\" class=\"readmore\">Seguir leyendo<svg class=\"icon icon-arrow-right\" aria-hidden=\"true\" role=\"img\"> <use href=\"#icon-arrow-right\" xlink:href=\"#icon-arrow-right\"><\/use> <\/svg><span class=\"screen-reader-text\">Manel Forti\u00e0 Trio &#8211; Despertar (NEW ALBUM release 12\/05\/2022)<\/span><\/a><\/p>\n","protected":false},"author":1,"featured_media":3308,"comment_status":"closed","ping_status":"open","sticky":false,"template":"","format":"aside","meta":{"footnotes":"","_vp_format_video_url":"","_vp_image_focal_point":{"x":0.49,"y":0.9}},"categories":[7],"tags":[],"aioseo_notices":[],"_links":{"self":[{"href":"https:\/\/manelfortia.com\/index.php?rest_route=\/wp\/v2\/posts\/2905"}],"collection":[{"href":"https:\/\/manelfortia.com\/index.php?rest_route=\/wp\/v2\/posts"}],"about":[{"href":"https:\/\/manelfortia.com\/index.php?rest_route=\/wp\/v2\/types\/post"}],"author":[{"embeddable":true,"href":"https:\/\/manelfortia.com\/index.php?rest_route=\/wp\/v2\/users\/1"}],"replies":[{"embeddable":true,"href":"https:\/\/manelfortia.com\/index.php?rest_route=%2Fwp%2Fv2%2Fcomments&post=2905"}],"version-history":[{"count":4,"href":"https:\/\/manelfortia.com\/index.php?rest_route=\/wp\/v2\/posts\/2905\/revisions"}],"predecessor-version":[{"id":3310,"href":"https:\/\/manelfortia.com\/index.php?rest_route=\/wp\/v2\/posts\/2905\/revisions\/3310"}],"wp:featuredmedia":[{"embeddable":true,"href":"https:\/\/manelfortia.com\/index.php?rest_route=\/wp\/v2\/media\/3308"}],"wp:attachment":[{"href":"https:\/\/manelfortia.com\/index.php?rest_route=%2Fwp%2Fv2%2Fmedia&parent=2905"}],"wp:term":[{"taxonomy":"category","embeddable":true,"href":"https:\/\/manelfortia.com\/index.php?rest_route=%2Fwp%2Fv2%2Fcategories&post=2905"},{"taxonomy":"post_tag","embeddable":true,"href":"https:\/\/manelfortia.com\/index.php?rest_route=%2Fwp%2Fv2%2Ftags&post=2905"}],"curies":[{"name":"wp","href":"https:\/\/api.w.org\/{rel}","templated":true}]}}