{"id":2935,"date":"2022-02-04T18:40:51","date_gmt":"2022-02-04T17:40:51","guid":{"rendered":"https:\/\/manelfortia.com\/?p=2935"},"modified":"2022-09-12T00:23:52","modified_gmt":"2022-09-11T22:23:52","slug":"manel-fortia-trio-despertar-new-album-release-12-05-2022","status":"publish","type":"post","link":"https:\/\/manelfortia.com\/?p=2935&lang=ca","title":{"rendered":"Manel Forti\u00e0 Trio &#8211; Despertar (NEW ALBUM release 12\/05\/2022)"},"content":{"rendered":"\n<figure class=\"wp-block-image size-large\"><img loading=\"lazy\" decoding=\"async\" width=\"1024\" height=\"1024\" src=\"https:\/\/manelfortia.com\/wp-content\/uploads\/2022\/02\/DESPERTAR_digitalcover-1024x1024.jpg\" alt=\"\" class=\"wp-image-3311\" srcset=\"https:\/\/manelfortia.com\/wp-content\/uploads\/2022\/02\/DESPERTAR_digitalcover-1024x1024.jpg 1024w, https:\/\/manelfortia.com\/wp-content\/uploads\/2022\/02\/DESPERTAR_digitalcover-300x300.jpg 300w, https:\/\/manelfortia.com\/wp-content\/uploads\/2022\/02\/DESPERTAR_digitalcover-150x150.jpg 150w, https:\/\/manelfortia.com\/wp-content\/uploads\/2022\/02\/DESPERTAR_digitalcover-768x768.jpg 768w, https:\/\/manelfortia.com\/wp-content\/uploads\/2022\/02\/DESPERTAR_digitalcover-640x640.jpg 640w, https:\/\/manelfortia.com\/wp-content\/uploads\/2022\/02\/DESPERTAR_digitalcover-500x500.jpg 500w, https:\/\/manelfortia.com\/wp-content\/uploads\/2022\/02\/DESPERTAR_digitalcover-800x800.jpg 800w, https:\/\/manelfortia.com\/wp-content\/uploads\/2022\/02\/DESPERTAR_digitalcover-1280x1280.jpg 1280w, https:\/\/manelfortia.com\/wp-content\/uploads\/2022\/02\/DESPERTAR_digitalcover-960x960.jpg 960w, https:\/\/manelfortia.com\/wp-content\/uploads\/2022\/02\/DESPERTAR_digitalcover-140x140.jpg 140w, https:\/\/manelfortia.com\/wp-content\/uploads\/2022\/02\/DESPERTAR_digitalcover-50x50.jpg 50w, https:\/\/manelfortia.com\/wp-content\/uploads\/2022\/02\/DESPERTAR_digitalcover-666x666.jpg 666w, https:\/\/manelfortia.com\/wp-content\/uploads\/2022\/02\/DESPERTAR_digitalcover-80x80.jpg 80w, https:\/\/manelfortia.com\/wp-content\/uploads\/2022\/02\/DESPERTAR_digitalcover.jpg 1500w\" sizes=\"(max-width: 1024px) 100vw, 1024px\" \/><\/figure>\n\n\n\n<p>El contrabaixista catal\u00e0 Manel Forti\u00e0 mostra tot el seu talent compositiu i int\u00e8rpretatiu en el seu nou \u00e0lbum en trio \u00abDespertar\u00bb (que sortir\u00e0 el 12 de maig de 2022 a trav\u00e9s de Segell Microscopi \/ Altafonte Distribution), un reflex equilibrat de dues tradicions: les arrels mediterr\u00e0nies i catalanes amb els ritmes del jazz modern de Nova York.<\/p>\n\n\n\n<p>\u00ab<em>Aquest \u00e0lbum \u00e9s molt important per a mi perqu\u00e8 reflecteix un dels moments m\u00e9s transcendents de la meva vida art\u00edstica, quan vivia a Nova York. Sento que aquesta experi\u00e8ncia va canviar la meva vida i crec que all\u00e0 he crescut molt. A m\u00e9s \u00e9s la primera vegada que gravo un disc complet amb totes les meves composicions i puc compartir aix\u00f2 amb dos dels meus m\u00fasics favorits amb qu\u00e8 tinc una gran connexi\u00f3 personal i musicalment, \u00e9s com un somni<\/em>\u201d. M. F.<\/p>\n\n\n\n<p>El t\u00edtol espanyol \u00abDespertar\u00bb fa refer\u00e8ncia a l&#8217;\u00faltima melodia de l&#8217;\u00e0lbum. Per contra, el primer es diu \u00abDormir\u00bb. \u00c9s f\u00e0cil deduir que entre aquestes pistes estem dins un somni que succeeix a Nova York a trav\u00e9s d&#8217;experi\u00e8ncies, viatjant a diferents llocs i moments d&#8217;una manera molt imaginativa que comporta la cultura mediterr\u00e0nia.<\/p>\n\n\n\n<p class=\"has-text-align-center\"><strong>Marco Mezquida:<\/strong> piano<\/p>\n\n\n\n<p class=\"has-text-align-center\"><strong>Manel Forti\u00e0:<\/strong> contrabaix<\/p>\n\n\n\n<p class=\"has-text-align-center\"><strong>Rapha\u00ebl Pannier: <\/strong>bateria<\/p>\n\n\n\n<figure class=\"wp-block-embed is-type-video is-provider-youtube wp-block-embed-youtube wp-embed-aspect-16-9 wp-has-aspect-ratio\"><div class=\"wp-block-embed__wrapper\">\n<iframe loading=\"lazy\" title=\"Manel Fortia Trio - New Album &#039;Despertar&#039; (feat. Marco Mezquida &amp; Raphael Pannier) PREVIEW 2022\" width=\"920\" height=\"518\" src=\"https:\/\/www.youtube.com\/embed\/KSZ1YiEcfNE?feature=oembed\" frameborder=\"0\" allow=\"accelerometer; autoplay; clipboard-write; encrypted-media; gyroscope; picture-in-picture\" allowfullscreen><\/iframe>\n<\/div><\/figure>\n\n\n\n<p>M\u00e9s informaci\u00f3 a www.manelfortia.com!<\/p>\n","protected":false},"excerpt":{"rendered":"<p>El contrabaixista catal\u00e0 Manel Forti\u00e0 mostra tot el seu talent compositiu i int\u00e8rpretatiu en el seu nou \u00e0lbum en trio \u00abDespertar\u00bb (que sortir\u00e0 el 12 de maig de 2022 a<\/p>\n<p class=\"more-link\"><a href=\"https:\/\/manelfortia.com\/?p=2935&#038;lang=ca\" class=\"readmore\">Seguir leyendo<svg class=\"icon icon-arrow-right\" aria-hidden=\"true\" role=\"img\"> <use href=\"#icon-arrow-right\" xlink:href=\"#icon-arrow-right\"><\/use> <\/svg><span class=\"screen-reader-text\">Manel Forti\u00e0 Trio &#8211; Despertar (NEW ALBUM release 12\/05\/2022)<\/span><\/a><\/p>\n","protected":false},"author":1,"featured_media":3311,"comment_status":"closed","ping_status":"open","sticky":false,"template":"","format":"aside","meta":{"footnotes":"","_vp_format_video_url":"","_vp_image_focal_point":[]},"categories":[11],"tags":[],"aioseo_notices":[],"_links":{"self":[{"href":"https:\/\/manelfortia.com\/index.php?rest_route=\/wp\/v2\/posts\/2935"}],"collection":[{"href":"https:\/\/manelfortia.com\/index.php?rest_route=\/wp\/v2\/posts"}],"about":[{"href":"https:\/\/manelfortia.com\/index.php?rest_route=\/wp\/v2\/types\/post"}],"author":[{"embeddable":true,"href":"https:\/\/manelfortia.com\/index.php?rest_route=\/wp\/v2\/users\/1"}],"replies":[{"embeddable":true,"href":"https:\/\/manelfortia.com\/index.php?rest_route=%2Fwp%2Fv2%2Fcomments&post=2935"}],"version-history":[{"count":4,"href":"https:\/\/manelfortia.com\/index.php?rest_route=\/wp\/v2\/posts\/2935\/revisions"}],"predecessor-version":[{"id":3312,"href":"https:\/\/manelfortia.com\/index.php?rest_route=\/wp\/v2\/posts\/2935\/revisions\/3312"}],"wp:featuredmedia":[{"embeddable":true,"href":"https:\/\/manelfortia.com\/index.php?rest_route=\/wp\/v2\/media\/3311"}],"wp:attachment":[{"href":"https:\/\/manelfortia.com\/index.php?rest_route=%2Fwp%2Fv2%2Fmedia&parent=2935"}],"wp:term":[{"taxonomy":"category","embeddable":true,"href":"https:\/\/manelfortia.com\/index.php?rest_route=%2Fwp%2Fv2%2Fcategories&post=2935"},{"taxonomy":"post_tag","embeddable":true,"href":"https:\/\/manelfortia.com\/index.php?rest_route=%2Fwp%2Fv2%2Ftags&post=2935"}],"curies":[{"name":"wp","href":"https:\/\/api.w.org\/{rel}","templated":true}]}}